{"id":22694,"date":"2017-10-29T12:00:30","date_gmt":"2017-10-29T15:00:30","guid":{"rendered":"http:\/\/putaendouno.cl\/?p=22694"},"modified":"2017-10-29T20:31:42","modified_gmt":"2017-10-29T23:31:42","slug":"menor-cae-en-puente-de-cimbra-en-mal-estado-en-putaendo","status":"publish","type":"post","link":"http:\/\/putaendouno.cl\/?p=22694","title":{"rendered":"\u00a1Actualizado!: Menor cae en Puente de Cimbra en mal estado en Putaendo"},"content":{"rendered":"<div class=\"lazysocialbuttons\" data-float=\"left\" data-buttons=\"google,twitter,facebook\" data-twshareurl=\"http:\/\/putaendouno.cl\/?p=22694\" data-twtext=\"\" data-shareurl=\"http:\/\/putaendouno.cl\/?p=22694\" data-fbhideflyout=\"false\" data-backgroundtype=\"light\"><\/div><h2><span style=\"color: #0000ff;\"><a href=\"http:\/\/putaendouno.cl\/wp-content\/uploads\/2017\/10\/rio-Putaendo.jpg\"><img loading=\"lazy\" decoding=\"async\" class=\"aligncenter size-full wp-image-22695\" src=\"http:\/\/putaendouno.cl\/wp-content\/uploads\/2017\/10\/rio-Putaendo.jpg\" alt=\"\" width=\"640\" height=\"320\" srcset=\"http:\/\/putaendouno.cl\/wp-content\/uploads\/2017\/10\/rio-Putaendo.jpg 640w, http:\/\/putaendouno.cl\/wp-content\/uploads\/2017\/10\/rio-Putaendo-300x150.jpg 300w\" sizes=\"auto, (max-width: 640px) 100vw, 640px\" \/><\/a>Una menor de seis a\u00f1os sufre ca\u00edda de 4 metros al ceder tabla del piso.-<\/span><\/h2>\n<p>A eso de las 20 hrs de este viernes feriado y en compa\u00f1\u00eda de su familia, la menor de seis a\u00f1os, de iniciales C.O.B., con domicilio en el sector de Av. Alessandri, en Putaendo, paseaba tranquilamente con sus primitos y t\u00edos por el Puente de Cimbra cuando ocurri\u00f3 lo impensado.<\/p>\n<p>Al pisar una de las tablas del puente, esta cede bajo el menudo peso de la peque\u00f1ita, haci\u00e9ndola caer al lecho del r\u00edo, <a href=\"http:\/\/putaendouno.cl\/?p=22694\">cuatro metros<\/a> m\u00e1s abajo, de espaldas sobre las rocas, ante la desesperaci\u00f3n de su familia, que en primera instancia vieron que no se mov\u00eda. Sin embargo, la peque\u00f1a valientemente se levant\u00f3, pero el peso del dolor y la falta de respiraci\u00f3n la hicieron caer nuevamente.<\/p>\n<p>Al lugar lleg\u00f3 el Samu, quienes trasladaron a la ni\u00f1a a Urgencia del Hospital San Antonio, donde tras un primer chequeo m\u00e9dico y por no contar con elementos para una revisi\u00f3n m\u00e1s espec\u00edfica, fue derivada en ambulancia hasta el Hospital San Camilo. La menor fue mantenida en observaci\u00f3n, se le hicieron radiograf\u00edas y finalmente un informe m\u00e9dico poco concluyente, antes de enviarla a su casa.<\/p>\n<p>Su familia estamp\u00f3 de inmediato una constancia o denuncia en la Tenencia de Carabineros de Putaendo, sugiriendo a la polic\u00eda que el lugar del accidente, sobre el puente, fuese clausurado de inmediato, para que no ocurriese otro accidente.<\/p>\n<p>La familia de la menor, no conforme con la revisi\u00f3n m\u00e9dica en el HSA y HSC, decidi\u00f3 llevar a la peque\u00f1a a Santiago para hacerle un chequeo de \u00f3rganos mediante scanner, para descartar secuelas que puedan aparecer a futuro.<\/p>\n<p>Aun as\u00ed, el padre de la ni\u00f1a accidentada declar\u00f3 a <span style=\"color: #0000ff;\">Putaendo Uno<\/span> que se solicitaron todos los antecedentes en los dos hospitales, informes del Samu y que cuentan con varios testigos, decidiendo iniciar acciones legales en contra de quien resulte responsable de la mantenci\u00f3n (o falta de) del Puente de Cimbra, considerado un atractivo tur\u00edstico de la comuna. <span style=\"color: #0000ff;\">&#8220;Esto no va a quedar ah\u00ed no m\u00e1s, como suele hacerse en Putaendo. Ya habl\u00e9 con abogados para iniciar la demanda, porque esto es claramente una negligencia. Aun no sabemos si mi hija tiene da\u00f1os graves en su interior, que pueden darle problemas en algunos a\u00f1os mas, como en los ri\u00f1ones, o el h\u00edgado. <a href=\"http:\/\/putaendouno.cl\/?p=22694\">El Puente<\/a>, as\u00ed como est\u00e1, es un peligro y debe ser clausurado al uso p\u00fablico. Que quede solo para la foto, no para usarlo. Pensamos que de inmediato ir\u00eda alguien a cerrar el acceso al puente, pero sigue ah\u00ed \u00bfQu\u00e9 habr\u00eda pasado si mi hija se hubiese golpeado la cabeza al caer?\u00bfEso est\u00e1n esperando?&#8221;,<\/span> se\u00f1al\u00f3 el ofuscado pap\u00e1.<\/p>\n<p>Putaendo espera una r\u00e1pida reacci\u00f3n del Municipio sobre este hecho, especialmente sobre cerrar el puente hasta ser inspeccionado y reparado, para lo que no puede esperarse hasta el lunes. Este domingo el Parque Puente Cimbra volver\u00e1 a recibir decenas de familias visitantes&#8230;<\/p>\n<p>(Nota: La foto de portada es referencial, pero muestra el mismo sector del puente donde ocurri\u00f3 el desgraciado accidente),<\/p>\n<h3><span style=\"color: #0000ff;\">Reacci\u00f3n del Municipio<\/span><\/h3>\n<p>Este domingo temprano, personal municipal se contact\u00f3 con <span style=\"color: #0000ff;\">Putaendo Uno<\/span> para conocer detalles sobre el accidente y ubicar a la familia. A eso del mediod\u00eda, el propio Alcalde Reyes se reuni\u00f3 con el padre de la peque\u00f1a accidentada para un primer acercamiento y conocer su estado de salud tras la ca\u00edda.<\/p>\n<p>El Municipio ofreci\u00f3 su apoyo a la familia para los temas de salud, lo que no obsta para que, seg\u00fan la respuesta del padre, la familia contin\u00fae con las acciones legales.<\/p>\n<p>En tanto el acceso al Puente de Cimbra fue clausurado por la Municipalidad, con cintas de &#8220;Peligro&#8221; y obstrucciones al paso de personas, mientras no se subsanen las falencias de mantenci\u00f3n de la patrimonial estructura.<\/p>\n<p><a href=\"http:\/\/putaendouno.cl\/wp-content\/uploads\/2017\/10\/IMG_20171029_192932.jpg\"><img loading=\"lazy\" decoding=\"async\" class=\"aligncenter size-full wp-image-22699\" src=\"http:\/\/putaendouno.cl\/wp-content\/uploads\/2017\/10\/IMG_20171029_192932.jpg\" alt=\"\" width=\"640\" height=\"384\" srcset=\"http:\/\/putaendouno.cl\/wp-content\/uploads\/2017\/10\/IMG_20171029_192932.jpg 640w, http:\/\/putaendouno.cl\/wp-content\/uploads\/2017\/10\/IMG_20171029_192932-300x180.jpg 300w\" sizes=\"auto, (max-width: 640px) 100vw, 640px\" \/><\/a><\/p>\n<p style=\"text-align: center;\">Foto tomada el domingo 29 de octubre.<\/p>\n","protected":false},"excerpt":{"rendered":"<p>Una menor de seis a\u00f1os sufre ca\u00edda de 4 metros al ceder tabla del piso.- A eso de las 20 hrs de este viernes feriado y en compa\u00f1\u00eda de su familia, la menor de seis a\u00f1os, de iniciales C.O.B., con domicilio en el sector de Av. Alessandri, en Putaendo, paseaba tranquilamente con sus primitos y [&hellip;]<\/p>\n","protected":false},"author":1,"featured_media":22695,"comment_status":"open","ping_status":"open","sticky":false,"template":"","format":"standard","meta":{"footnotes":""},"categories":[15,4],"tags":[],"class_list":["post-22694","post","type-post","status-publish","format-standard","has-post-thumbnail","hentry","category-general","category-putaendo"],"jetpack_sharing_enabled":true,"jetpack_featured_media_url":"http:\/\/putaendouno.cl\/wp-content\/uploads\/2017\/10\/rio-Putaendo.jpg","_links":{"self":[{"href":"http:\/\/putaendouno.cl\/index.php?rest_route=\/wp\/v2\/posts\/22694","targetHints":{"allow":["GET"]}}],"collection":[{"href":"http:\/\/putaendouno.cl\/index.php?rest_route=\/wp\/v2\/posts"}],"about":[{"href":"http:\/\/putaendouno.cl\/index.php?rest_route=\/wp\/v2\/types\/post"}],"author":[{"embeddable":true,"href":"http:\/\/putaendouno.cl\/index.php?rest_route=\/wp\/v2\/users\/1"}],"replies":[{"embeddable":true,"href":"http:\/\/putaendouno.cl\/index.php?rest_route=%2Fwp%2Fv2%2Fcomments&post=22694"}],"version-history":[{"count":5,"href":"http:\/\/putaendouno.cl\/index.php?rest_route=\/wp\/v2\/posts\/22694\/revisions"}],"predecessor-version":[{"id":22701,"href":"http:\/\/putaendouno.cl\/index.php?rest_route=\/wp\/v2\/posts\/22694\/revisions\/22701"}],"wp:featuredmedia":[{"embeddable":true,"href":"http:\/\/putaendouno.cl\/index.php?rest_route=\/wp\/v2\/media\/22695"}],"wp:attachment":[{"href":"http:\/\/putaendouno.cl\/index.php?rest_route=%2Fwp%2Fv2%2Fmedia&parent=22694"}],"wp:term":[{"taxonomy":"category","embeddable":true,"href":"http:\/\/putaendouno.cl\/index.php?rest_route=%2Fwp%2Fv2%2Fcategories&post=22694"},{"taxonomy":"post_tag","embeddable":true,"href":"http:\/\/putaendouno.cl\/index.php?rest_route=%2Fwp%2Fv2%2Ftags&post=22694"}],"curies":[{"name":"wp","href":"https:\/\/api.w.org\/{rel}","templated":true}]}}