{"id":21805,"date":"2017-06-29T00:40:14","date_gmt":"2017-06-29T04:40:14","guid":{"rendered":"http:\/\/putaendouno.cl\/?p=21805"},"modified":"2017-06-29T00:40:14","modified_gmt":"2017-06-29T04:40:14","slug":"la-roja-a-la-final-de-copa-confederaciones","status":"publish","type":"post","link":"http:\/\/putaendouno.cl\/?p=21805","title":{"rendered":"La Roja a la final de Copa Confederaciones"},"content":{"rendered":"<div class=\"lazysocialbuttons\" data-float=\"left\" data-buttons=\"google,twitter,facebook\" data-twshareurl=\"http:\/\/putaendouno.cl\/?p=21805\" data-twtext=\"\" data-shareurl=\"http:\/\/putaendouno.cl\/?p=21805\" data-fbhideflyout=\"false\" data-backgroundtype=\"light\"><\/div><div class=\"wrapper head-article\"><\/div>\n<div class=\"wrapper\">\n<div class=\"container-fluid\">\n<div class=\"row relative\">\n<div class=\"col-md-8 col-xs-12 col-sm-12 col-ajust \">\n<div class=\"autor-box clear-float\">\n<div class=\"autor-title\" data-url=\"https:\/\/www.publimetro.cl\/cl\/copa-confederaciones\/2017\/06\/28\/chile-final-copa-confederaciones-penales-portugal.html\" data-title=\"Chile es Bravo en los penales: la Roja sac\u00f3 a Portugal de Cristiano y va por el t\u00edtulo de la Confederaciones\">\n<h2 class=\"autor-name\"><span style=\"color: #0000ff;\"><a href=\"http:\/\/putaendouno.cl\/wp-content\/uploads\/2017\/06\/manteum.jpg\"><img loading=\"lazy\" decoding=\"async\" class=\"aligncenter size-full wp-image-21806\" src=\"http:\/\/putaendouno.cl\/wp-content\/uploads\/2017\/06\/manteum.jpg\" alt=\"\" width=\"640\" height=\"318\" srcset=\"http:\/\/putaendouno.cl\/wp-content\/uploads\/2017\/06\/manteum.jpg 640w, http:\/\/putaendouno.cl\/wp-content\/uploads\/2017\/06\/manteum-300x149.jpg 300w\" sizes=\"auto, (max-width: 640px) 100vw, 640px\" \/><\/a>Tras empate a cero, Bravo ataj\u00f3 tres penales que mandaron a Portugal para la casa.-<\/span><\/h2>\n<div class=\"autor-name\">\n<p>La\u00a0<strong>selecci\u00f3n chilena firm\u00f3 un heroico avance a la final de Copa Confederaciones<\/strong>\u00a0luego de eliminar a\u00a0<strong>Portugal en un intenso compromiso disputado en Kaz\u00e1n<\/strong>, el cual se tuvo que definir\u00a0<strong>v\u00eda lanzamientos penales al finalizar 0-0 tras 120 minutos.<\/strong><\/p>\n<p>En la tanda de disparos desde los\u00a0<strong>12 pasos el golero y capit\u00e1n del equipo nacional, Claudio Bravo<\/strong>, se erigi\u00f3 como el h\u00e9roe de la jornada al tapar los disparos de\u00a0<strong>Ricardo Quaresma, Joao Moutinho y Nani.<\/strong><\/p>\n<div>\n<div id=\"div-gpt-ad-1450150464142-1\" data-google-query-id=\"CPno-pOc4tQCFQIOkQodCBsOkg\">\n<div id=\"div-gpt-ad-1450150464142-1_ad_container\">\n<div>\n<div>El equipo nacional nunca baj\u00f3 los brazos, pese a que en el ep\u00edlogo de la segunda pr\u00f3rroga volvieron a arreciar los fantasmas cuando<strong>\u00a0Arturo Vidal y Mart\u00edn Rodr\u00edguez<\/strong>\u00a0estrellaron sus intentos en los postes, justo tres a\u00f1os despu\u00e9s del recordado palo de\u00a0<strong>Mauricio Pinilla en el Mundial de Brasil 2014.<\/strong><\/div>\n<\/div>\n<\/div>\n<\/div>\n<\/div>\n<p class=\"subtit\">\n<p>El equipo luso sali\u00f3 con todo.\u00a0<strong>Andr\u00e9 Gomes prob\u00f3 a Claudio Bravo<\/strong>\u00a0con un remate\u00a0rasante a los 4&#8242; y\u00a0<strong>Cristiano envi\u00f3 un frentazo desviado tres minutos m\u00e1s tarde<\/strong>.<\/p>\n<p>En\u00a0la respuesta,\u00a0<strong>Eduardo Vargas desperdici\u00f3 la m\u00e1s clara de Chile en el arranque,<\/strong>\u00a0a los 6&#8242;, cuando defini\u00f3 sin convicci\u00f3n ante el achique de\u00a0<strong>Rui Patricio.<\/strong><\/p>\n<p>Tras un constante ir y venir de intentos, Bravo se alz\u00f3 como una de las figuras cuando evit\u00f3 el 1-0 luso al arrebatar el bal\u00f3n de los pies de Gomes, quien recibi\u00f3 una bella habilitaci\u00f3n de Ronaldo.<\/p>\n<p><img decoding=\"async\" id=\"foto_00000033\" class=\"fotodrag aligncenter\" src=\"https:\/\/www.cooperativa.cl\/noticias\/site\/artic\/20170628\/imag\/foto_0000003320170628164135.jpg\" alt=\"Imagen foto_00000033\" name=\"foto_00000033\" border=\"0\" \/><\/p>\n<p>&nbsp;<\/p>\n<p>En la etapa complementaria Portugal sali\u00f3 decidida a cerrar el partido a su favor, pero Cristiano estuvo poco preciso en sus embates y el bicampe\u00f3n de Am\u00e9rica dej\u00f3 todo en cancha para mantener el cero en su p\u00f3rtico.<\/p>\n<p>Es m\u00e1s, con pocos recursos\u00a0<strong>Chile hizo pasar susto a la defensa lusa, pues Arturo Vidal<\/strong>\u00a0puso un frentazo elevado a los 53&#8242; y\u00a0<strong>Eduardo Vargas exigi\u00f3 a Rui Patricio c<\/strong>on una mediavuelta en los 57&#8242;.<\/p>\n<p><img decoding=\"async\" id=\"foto_00000031\" class=\"fotodrag aligncenter\" src=\"https:\/\/www.cooperativa.cl\/noticias\/site\/artic\/20170628\/imag\/foto_0000003120170628164135.jpg\" alt=\"Imagen foto_00000031\" name=\"foto_00000031\" border=\"0\" \/><\/p>\n<p>Cristiano estuvo bien marcado en el \u00e1rea chilena, donde Jara y Medel se complementaron a la perfecci\u00f3n.<\/p>\n<p>El alargue <strong>los pupilos de Juan Antonio Pizzi<\/strong>\u00a0tuvieron cuatro oportunidades claras para quedarse con un triunfo que a esas alturas era merecido.<\/p>\n<p>En los 95 minutos\u00a0<strong>Alexis S\u00e1nchez<\/strong>\u00a0apareci\u00f3 en el punto penal para poner un frentazo que se fue desviado por cent\u00edmetros y a los 100&#8242; fue\u00a0<strong>Arturo Vidal<\/strong>\u00a0quien remat\u00f3 de cabeza, pero directo a las manos del meta rival.<\/p>\n<p>Luego, en la ocasi\u00f3n m\u00e1s infartante del cotejo, Vidal apareci\u00f3 desmarcado en el ingreso del \u00e1rea de Portugal y puso un disparo cruzado que se estrell\u00f3 en el vertical izquierdo.<\/p>\n<p>El rebote le qued\u00f3 a\u00a0<strong>Mart\u00edn Rodr\u00edguez,<\/strong>\u00a0pero no alcanz\u00f3 a acomodarse y su intento tambi\u00e9n choc\u00f3 en un poste, esta vez en el horizontal.\u00a0<strong>Todos recordaron el palo de Pinilla ante Brasil.<\/strong><\/p>\n<p>Cuando el partido finalizaba\u00a0<strong>Francisco Silva<\/strong>\u00a0fue derribado claramente en el \u00e1rea y el juez desestim\u00f3 la acci\u00f3n y tampoco acept\u00f3 las insinuaciones de Chile para que revisara el VAR.<\/p>\n<h3 id=\"vtxt_cuerpo_T2\" class=\"subtit\"><span style=\"color: #0000ff;\">La heroica actuaci\u00f3n de Claudio Bravo<\/span><\/h3>\n<p>En la tanda de penales Chile comenz\u00f3 s\u00f3lido<strong>. Arturo Vidal<\/strong>\u00a0clav\u00f3 un zapatazo violento que dej\u00f3 sin opciones a\u00a0<strong>Rui Patricio.<\/strong>\u00a0En la respuesta, Ricardo Quaresma dispar\u00f3 sin convicci\u00f3n y Claudio Bravo control\u00f3 el bal\u00f3n lanz\u00e1ndose hacia su derecha.<\/p>\n<p>Luego<strong>\u00a0Charles Ar\u00e1nguiz<\/strong>\u00a0repiti\u00f3 la f\u00f3rmula para el \u00e9xito con un remate al centro del arco y Bravo otra vez evit\u00f3 el gol al jug\u00e1rsela a su derecha.<strong>\u00a0Alexis tampoco se equivoc\u00f3, dej\u00f3 las cosas 3-0 y a Nani<\/strong>\u00a0con la obligaci\u00f3n de marcar para que los campeones de Europa siguieran con vida.<\/p>\n<p><img decoding=\"async\" id=\"foto_00000032\" class=\"fotodrag aligncenter\" src=\"https:\/\/www.cooperativa.cl\/noticias\/site\/artic\/20170628\/imag\/foto_0000003220170628164135.jpg\" alt=\"Imagen foto_00000032\" name=\"foto_00000032\" border=\"0\" \/><\/p>\n<p>Sin embargo, el capit\u00e1n de la selecci\u00f3n se luci\u00f3 sobre su izquierda, d\u00e1ndole a Chile su cupo en la final de la Copa Confederaciones, donde<strong>\u00a0jugar\u00e1 contra Alemania o M\u00e9xico este domingo, en San Petersburgo.<\/strong><\/p>\n<p>(Cp\/P1)<\/p>\n<\/div>\n<\/div>\n<\/div>\n<\/div>\n<\/div>\n<\/div>\n<\/div>\n","protected":false},"excerpt":{"rendered":"<p>Tras empate a cero, Bravo ataj\u00f3 tres penales que mandaron a Portugal para la casa.- La\u00a0selecci\u00f3n chilena firm\u00f3 un heroico avance a la final de Copa Confederaciones\u00a0luego de eliminar a\u00a0Portugal en un intenso compromiso disputado en Kaz\u00e1n, el cual se tuvo que definir\u00a0v\u00eda lanzamientos penales al finalizar 0-0 tras 120 minutos. En la tanda de [&hellip;]<\/p>\n","protected":false},"author":1,"featured_media":21806,"comment_status":"open","ping_status":"open","sticky":false,"template":"","format":"standard","meta":{"footnotes":""},"categories":[7,14,15],"tags":[],"class_list":["post-21805","post","type-post","status-publish","format-standard","has-post-thumbnail","hentry","category-nacionales-y-otras","category-deportivas","category-general"],"jetpack_sharing_enabled":true,"jetpack_featured_media_url":"http:\/\/putaendouno.cl\/wp-content\/uploads\/2017\/06\/manteum.jpg","_links":{"self":[{"href":"http:\/\/putaendouno.cl\/index.php?rest_route=\/wp\/v2\/posts\/21805","targetHints":{"allow":["GET"]}}],"collection":[{"href":"http:\/\/putaendouno.cl\/index.php?rest_route=\/wp\/v2\/posts"}],"about":[{"href":"http:\/\/putaendouno.cl\/index.php?rest_route=\/wp\/v2\/types\/post"}],"author":[{"embeddable":true,"href":"http:\/\/putaendouno.cl\/index.php?rest_route=\/wp\/v2\/users\/1"}],"replies":[{"embeddable":true,"href":"http:\/\/putaendouno.cl\/index.php?rest_route=%2Fwp%2Fv2%2Fcomments&post=21805"}],"version-history":[{"count":1,"href":"http:\/\/putaendouno.cl\/index.php?rest_route=\/wp\/v2\/posts\/21805\/revisions"}],"predecessor-version":[{"id":21807,"href":"http:\/\/putaendouno.cl\/index.php?rest_route=\/wp\/v2\/posts\/21805\/revisions\/21807"}],"wp:featuredmedia":[{"embeddable":true,"href":"http:\/\/putaendouno.cl\/index.php?rest_route=\/wp\/v2\/media\/21806"}],"wp:attachment":[{"href":"http:\/\/putaendouno.cl\/index.php?rest_route=%2Fwp%2Fv2%2Fmedia&parent=21805"}],"wp:term":[{"taxonomy":"category","embeddable":true,"href":"http:\/\/putaendouno.cl\/index.php?rest_route=%2Fwp%2Fv2%2Fcategories&post=21805"},{"taxonomy":"post_tag","embeddable":true,"href":"http:\/\/putaendouno.cl\/index.php?rest_route=%2Fwp%2Fv2%2Ftags&post=21805"}],"curies":[{"name":"wp","href":"https:\/\/api.w.org\/{rel}","templated":true}]}}