{"id":21613,"date":"2017-05-27T00:11:21","date_gmt":"2017-05-27T04:11:21","guid":{"rendered":"http:\/\/putaendouno.cl\/?p=21613"},"modified":"2017-05-27T00:11:21","modified_gmt":"2017-05-27T04:11:21","slug":"haitiano-atacado-a-mansalva-se-recupera","status":"publish","type":"post","link":"http:\/\/putaendouno.cl\/?p=21613","title":{"rendered":"Haitiano atacado a mansalva se recupera"},"content":{"rendered":"<div class=\"lazysocialbuttons\" data-float=\"left\" data-buttons=\"google,twitter,facebook\" data-twshareurl=\"http:\/\/putaendouno.cl\/?p=21613\" data-twtext=\"\" data-shareurl=\"http:\/\/putaendouno.cl\/?p=21613\" data-fbhideflyout=\"false\" data-backgroundtype=\"light\"><\/div><h2><span style=\"color: #0000ff;\"><a href=\"http:\/\/putaendouno.cl\/wp-content\/uploads\/2017\/05\/Louis.jpg\"><img loading=\"lazy\" decoding=\"async\" class=\"aligncenter size-full wp-image-21614\" src=\"http:\/\/putaendouno.cl\/wp-content\/uploads\/2017\/05\/Louis.jpg\" alt=\"\" width=\"640\" height=\"321\" srcset=\"http:\/\/putaendouno.cl\/wp-content\/uploads\/2017\/05\/Louis.jpg 640w, http:\/\/putaendouno.cl\/wp-content\/uploads\/2017\/05\/Louis-300x150.jpg 300w\" sizes=\"auto, (max-width: 640px) 100vw, 640px\" \/><\/a>El joven fue agredido con un cuchillo carnicero en el Terminal Pesquero de Lo Espejo, por un drogadicto.-<\/span><\/h2>\n<p>Hace unos d\u00edas, el registro de video de unas c\u00e1maras de seguridad dejaron en evidencia <strong>el inexplicable ataque sufrido por <span style=\"color: #0000ff;\">Louis Fritzner<\/span>, un trabajador haitiano de 26 a\u00f1os que\u00a0fue agredido con un cuchillo carnicero<\/strong> por un compa\u00f1ero de labores, en el Terminal Pesquero de Lo Espejo.<\/p>\n<p>En las im\u00e1genes se aprecia c\u00f3mo el individuo se le acerca por la espalda y lo ataca, sin que nadie a su alrededor le prestara ayuda al verlo sangrando en el piso.<\/p>\n<p>Louis tuvo que ser internado en el Hospital Barros Luco y sufrir tres operaciones en su pierna para recuperarse, seg\u00fan consigna <span style=\"color: #0000ff;\">El Ciudadano<\/span>. Fritzner se desempe\u00f1a en el terminal de manera independiente como cargador, trasladando las compras de los clientes hasta sus veh\u00edculos.<\/p>\n<p><strong>Seg\u00fan informaci\u00f3n proporcionada por el mismo medio, su atacante se llama Mat\u00edas y tambi\u00e9n se desempe\u00f1a de forma independiente<\/strong>. Al momento del ataque, se encontraba bajo el efecto de las drogas. \u201cVen\u00eda ya discutiendo, tirando palabrazos con otros comerciantes, con otros trabajadores, <em>dando jugo<\/em>, como se dice\u201d, cont\u00f3 Nataly Hern\u00e1ndez, locataria del lugar y quien se ha encargado de ayudar al joven haitiano.<\/p>\n<p><strong>Antes de atacar a Louis, el sujeto exclam\u00f3 \u201c\u00a1Hay que echar a estos negros culiaos!\u201d, en una evidente agresi\u00f3n xen\u00f3foba.\u00a0<\/strong><\/p>\n<p>\u201cLamentablemente (Louis) se cruz\u00f3 en su camino. Fue una cosa absolutamente fortuita. De hecho, nosotros convers\u00e1bamos con otros locatarios, colegas, y dec\u00edamos \u2018nosotros no tenemos nada en contra de los haitianos; al contrario, son personas s\u00faper honestas, trabajadores -son los primeros en llegar y los \u00faltimos en irse-, son respetuosos, a diferencia de muchos cargadores chilenos, que t\u00fa te das vuelta y te sacan una reineta, un pescado, que si te pueden joder lo van a hacer\u201d, sentenci\u00f3 Hern\u00e1ndez.<\/p>\n<p><strong>El agresor se escondi\u00f3 en un ba\u00f1o tras el ataque y fue detenido por Carabineros.\u00a0<\/strong>Ten\u00eda dos causas pendientes, por lo que qued\u00f3 inicialmente en prisi\u00f3n, aunque recuper\u00f3 su libertad dos d\u00edas despu\u00e9s. Regres\u00f3 al Terminal Pesquero con la intenci\u00f3n de seguir trabajando, pero no lo aceptaron.<\/p>\n<p>Mientras, Louis y su familia se asesoran jur\u00eddicamente para interponer acciones legales. El trabajador vive en Lo Espejo junto a su esposa embarazada y su hija de 4 a\u00f1os y sus cercanos est\u00e1n organizando una colecta para ayudarlos. Quienes est\u00e9n interesados en cooperar, pueden contactar a Nataly Hern\u00e1ndez en su Facebook o al tel\u00e9fono m\u00f3vil\u00a0+569 44586306.<\/p>\n","protected":false},"excerpt":{"rendered":"<p>El joven fue agredido con un cuchillo carnicero en el Terminal Pesquero de Lo Espejo, por un drogadicto.- Hace unos d\u00edas, el registro de video de unas c\u00e1maras de seguridad dejaron en evidencia el inexplicable ataque sufrido por Louis Fritzner, un trabajador haitiano de 26 a\u00f1os que\u00a0fue agredido con un cuchillo carnicero por un compa\u00f1ero [&hellip;]<\/p>\n","protected":false},"author":1,"featured_media":21614,"comment_status":"open","ping_status":"open","sticky":false,"template":"","format":"standard","meta":{"footnotes":""},"categories":[7,15],"tags":[],"class_list":["post-21613","post","type-post","status-publish","format-standard","has-post-thumbnail","hentry","category-nacionales-y-otras","category-general"],"jetpack_sharing_enabled":true,"jetpack_featured_media_url":"http:\/\/putaendouno.cl\/wp-content\/uploads\/2017\/05\/Louis.jpg","_links":{"self":[{"href":"http:\/\/putaendouno.cl\/index.php?rest_route=\/wp\/v2\/posts\/21613","targetHints":{"allow":["GET"]}}],"collection":[{"href":"http:\/\/putaendouno.cl\/index.php?rest_route=\/wp\/v2\/posts"}],"about":[{"href":"http:\/\/putaendouno.cl\/index.php?rest_route=\/wp\/v2\/types\/post"}],"author":[{"embeddable":true,"href":"http:\/\/putaendouno.cl\/index.php?rest_route=\/wp\/v2\/users\/1"}],"replies":[{"embeddable":true,"href":"http:\/\/putaendouno.cl\/index.php?rest_route=%2Fwp%2Fv2%2Fcomments&post=21613"}],"version-history":[{"count":1,"href":"http:\/\/putaendouno.cl\/index.php?rest_route=\/wp\/v2\/posts\/21613\/revisions"}],"predecessor-version":[{"id":21615,"href":"http:\/\/putaendouno.cl\/index.php?rest_route=\/wp\/v2\/posts\/21613\/revisions\/21615"}],"wp:featuredmedia":[{"embeddable":true,"href":"http:\/\/putaendouno.cl\/index.php?rest_route=\/wp\/v2\/media\/21614"}],"wp:attachment":[{"href":"http:\/\/putaendouno.cl\/index.php?rest_route=%2Fwp%2Fv2%2Fmedia&parent=21613"}],"wp:term":[{"taxonomy":"category","embeddable":true,"href":"http:\/\/putaendouno.cl\/index.php?rest_route=%2Fwp%2Fv2%2Fcategories&post=21613"},{"taxonomy":"post_tag","embeddable":true,"href":"http:\/\/putaendouno.cl\/index.php?rest_route=%2Fwp%2Fv2%2Ftags&post=21613"}],"curies":[{"name":"wp","href":"https:\/\/api.w.org\/{rel}","templated":true}]}}