{"id":21595,"date":"2017-05-25T21:23:05","date_gmt":"2017-05-26T00:23:05","guid":{"rendered":"http:\/\/putaendouno.cl\/?p=21595"},"modified":"2017-05-25T21:23:05","modified_gmt":"2017-05-26T00:23:05","slug":"espectacular-dia-del-patrimonio-este-domingo-en-putaendo","status":"publish","type":"post","link":"http:\/\/putaendouno.cl\/?p=21595","title":{"rendered":"Espectacular D\u00eda del Patrimonio este domingo en Putaendo"},"content":{"rendered":"<div class=\"lazysocialbuttons\" data-float=\"left\" data-buttons=\"google,twitter,facebook\" data-twshareurl=\"http:\/\/putaendouno.cl\/?p=21595\" data-twtext=\"\" data-shareurl=\"http:\/\/putaendouno.cl\/?p=21595\" data-fbhideflyout=\"false\" data-backgroundtype=\"light\"><\/div><h2><span style=\"color: #0000ff;\"><strong><a href=\"http:\/\/putaendouno.cl\/wp-content\/uploads\/2017\/05\/patrimonio17-cueq.jpg\"><img loading=\"lazy\" decoding=\"async\" class=\"aligncenter size-full wp-image-21596\" src=\"http:\/\/putaendouno.cl\/wp-content\/uploads\/2017\/05\/patrimonio17-cueq.jpg\" alt=\"\" width=\"640\" height=\"260\" srcset=\"http:\/\/putaendouno.cl\/wp-content\/uploads\/2017\/05\/patrimonio17-cueq.jpg 640w, http:\/\/putaendouno.cl\/wp-content\/uploads\/2017\/05\/patrimonio17-cueq-300x122.jpg 300w\" sizes=\"auto, (max-width: 640px) 100vw, 640px\" \/><\/a>Putaendo celebra D\u00eda del Patrimonio valorando al arriero, la Cordillera y Los Corrales del Chalaco.-<\/strong><\/span><\/h2>\n<p>En el marco de las celebraciones del D\u00eda Nacional del Patrimonio, la Municipalidad de Putaendo concentrar\u00e1 sus actividades en el hist\u00f3rico, tradicional y hermoso sector de Los Patos.<\/p>\n<p>Desde las 10 de la ma\u00f1ana, en la medialuna del lugar comenzar\u00e1n una serie de actividades que buscan dar la importancia que se merece a la Cordillera de Los Andes y sus encantos putaendinos.<\/p>\n<p><span style=\"color: #0000ff;\"><a href=\"http:\/\/putaendouno.cl\/wp-content\/uploads\/2017\/05\/AFICHE-Di\u0301a-del-Patrimonio-Oficial.jpg\"><img loading=\"lazy\" decoding=\"async\" class=\"alignleft  wp-image-21599\" src=\"http:\/\/putaendouno.cl\/wp-content\/uploads\/2017\/05\/AFICHE-Di\u0301a-del-Patrimonio-Oficial.jpg\" alt=\"\" width=\"302\" height=\"468\" srcset=\"http:\/\/putaendouno.cl\/wp-content\/uploads\/2017\/05\/AFICHE-Di\u0301a-del-Patrimonio-Oficial.jpg 413w, http:\/\/putaendouno.cl\/wp-content\/uploads\/2017\/05\/AFICHE-Di\u0301a-del-Patrimonio-Oficial-194x300.jpg 194w\" sizes=\"auto, (max-width: 302px) 100vw, 302px\" \/><\/a>\u201cQueremos hacer conciencia de que la Cordillera es un atractivo muy importante. No solo por el paso del Ej\u00e9rcito Libertador, tambi\u00e9n por los caminos prehisp\u00e1nicos que un\u00edan el norte del pa\u00eds con Argentina y que pasaban por Putaendo. Estamos tambi\u00e9n a pocos d\u00edas de que Los Corrales del Chalaco sean declarados como Monumento Hist\u00f3rico\u201d, argument\u00f3 el alcalde Guillermo Reyes.<\/span><\/p>\n<p>Entre los eventos que existir\u00e1n se contempla una actividad organizada por la <a href=\"http:\/\/putaendouno.cl\/wp-content\/uploads\/2017\/05\/Cabalgata.jpg\"><img loading=\"lazy\" decoding=\"async\" class=\"alignright size-medium wp-image-21600\" src=\"http:\/\/putaendouno.cl\/wp-content\/uploads\/2017\/05\/Cabalgata-300x200.jpg\" alt=\"\" width=\"300\" height=\"200\" srcset=\"http:\/\/putaendouno.cl\/wp-content\/uploads\/2017\/05\/Cabalgata-300x200.jpg 300w, http:\/\/putaendouno.cl\/wp-content\/uploads\/2017\/05\/Cabalgata.jpg 640w\" sizes=\"auto, (max-width: 300px) 100vw, 300px\" \/><\/a>Agrupaci\u00f3n de Arrieros de Putaendo. Por un monto de 10 mil pesos por persona, ellos realizar\u00e1n una Cabalgata desde la Medialuna de Los Patos hasta Los Corrales del Chalaco. Ese valor incluye tambi\u00e9n un desayuno y un almuerzo tradicional de la zona.<\/p>\n<p>Adem\u00e1s, en la misma medialuna existir\u00e1 una Feria gastron\u00f3mica y artesanal, con comidas t\u00edpicas, cervezas aut\u00f3ctonas, exposiciones, m\u00fasica en vivo y Rodeo-Pichanga. En este sentido, se espera pasar un domingo agradable, familiar, lleno de historia, patrimonio y naturaleza.<\/p>\n<p>Amenizando el almuerzo con sabores t\u00edpicos estar\u00e1n<span style=\"color: #0000ff;\"> &#8220;Los Cuequeros de Putaendo&#8221;, fiel tradici\u00f3n criolla<\/span>, con cuecas propias compuestas especialmente para Putaendo, adem\u00e1s de tonadas centrinas y campesinas, guarachas y hasta rancheras. Mas tarde llega el grupo musical <span style=\"color: #0000ff;\">&#8220;Con Tormento y Pandero&#8221;<\/span>, cuequeros ya consagrados en la escena nacional.<\/p>\n<p>\u201cSean todos bienvenidos a esta actividad, porque sabemos que Putaendo tiene muchas cosas patrimoniales y que es posible disfrutarlas bajo el manto de nuestra majestuosa Cordillera\u201d, invit\u00f3 la m\u00e1xima autoridad comunal.<\/p>\n<p>&nbsp;<\/p>\n<p>&nbsp;<\/p>\n<p><strong>\u00a0<\/strong><\/p>\n<p><strong><\/p>\n<p><\/strong><\/p>\n<p><strong>\u00a0<\/strong><\/p>\n","protected":false},"excerpt":{"rendered":"<p>Putaendo celebra D\u00eda del Patrimonio valorando al arriero, la Cordillera y Los Corrales del Chalaco.- En el marco de las celebraciones del D\u00eda Nacional del Patrimonio, la Municipalidad de Putaendo concentrar\u00e1 sus actividades en el hist\u00f3rico, tradicional y hermoso sector de Los Patos. Desde las 10 de la ma\u00f1ana, en la medialuna del lugar comenzar\u00e1n [&hellip;]<\/p>\n","protected":false},"author":1,"featured_media":21596,"comment_status":"open","ping_status":"open","sticky":false,"template":"","format":"standard","meta":{"footnotes":""},"categories":[15,4],"tags":[],"class_list":["post-21595","post","type-post","status-publish","format-standard","has-post-thumbnail","hentry","category-general","category-putaendo"],"jetpack_sharing_enabled":true,"jetpack_featured_media_url":"http:\/\/putaendouno.cl\/wp-content\/uploads\/2017\/05\/patrimonio17-cueq.jpg","_links":{"self":[{"href":"http:\/\/putaendouno.cl\/index.php?rest_route=\/wp\/v2\/posts\/21595","targetHints":{"allow":["GET"]}}],"collection":[{"href":"http:\/\/putaendouno.cl\/index.php?rest_route=\/wp\/v2\/posts"}],"about":[{"href":"http:\/\/putaendouno.cl\/index.php?rest_route=\/wp\/v2\/types\/post"}],"author":[{"embeddable":true,"href":"http:\/\/putaendouno.cl\/index.php?rest_route=\/wp\/v2\/users\/1"}],"replies":[{"embeddable":true,"href":"http:\/\/putaendouno.cl\/index.php?rest_route=%2Fwp%2Fv2%2Fcomments&post=21595"}],"version-history":[{"count":1,"href":"http:\/\/putaendouno.cl\/index.php?rest_route=\/wp\/v2\/posts\/21595\/revisions"}],"predecessor-version":[{"id":21601,"href":"http:\/\/putaendouno.cl\/index.php?rest_route=\/wp\/v2\/posts\/21595\/revisions\/21601"}],"wp:featuredmedia":[{"embeddable":true,"href":"http:\/\/putaendouno.cl\/index.php?rest_route=\/wp\/v2\/media\/21596"}],"wp:attachment":[{"href":"http:\/\/putaendouno.cl\/index.php?rest_route=%2Fwp%2Fv2%2Fmedia&parent=21595"}],"wp:term":[{"taxonomy":"category","embeddable":true,"href":"http:\/\/putaendouno.cl\/index.php?rest_route=%2Fwp%2Fv2%2Fcategories&post=21595"},{"taxonomy":"post_tag","embeddable":true,"href":"http:\/\/putaendouno.cl\/index.php?rest_route=%2Fwp%2Fv2%2Ftags&post=21595"}],"curies":[{"name":"wp","href":"https:\/\/api.w.org\/{rel}","templated":true}]}}