{"id":21585,"date":"2017-05-25T02:51:28","date_gmt":"2017-05-25T05:51:28","guid":{"rendered":"http:\/\/putaendouno.cl\/?p=21585"},"modified":"2017-05-25T02:51:28","modified_gmt":"2017-05-25T05:51:28","slug":"periodistas-a-la-corte-presiones-de-cecilia-perez-para-bajar-nota-sobre-pinera-y-antarchile","status":"publish","type":"post","link":"http:\/\/putaendouno.cl\/?p=21585","title":{"rendered":"Periodistas a la corte: Presiones de Cecilia Per\u00e9z para bajar nota sobre Pi\u00f1era y AntarChile"},"content":{"rendered":"<div class=\"lazysocialbuttons\" data-float=\"left\" data-buttons=\"google,twitter,facebook\" data-twshareurl=\"http:\/\/putaendouno.cl\/?p=21585\" data-twtext=\"\" data-shareurl=\"http:\/\/putaendouno.cl\/?p=21585\" data-fbhideflyout=\"false\" data-backgroundtype=\"light\"><\/div><h2><span style=\"color: #0000ff;\"><a href=\"http:\/\/putaendouno.cl\/wp-content\/uploads\/2017\/05\/cecilia-perez.jpg\"><img loading=\"lazy\" decoding=\"async\" class=\"aligncenter size-full wp-image-21586\" src=\"http:\/\/putaendouno.cl\/wp-content\/uploads\/2017\/05\/cecilia-perez.jpg\" alt=\"\" width=\"640\" height=\"321\" srcset=\"http:\/\/putaendouno.cl\/wp-content\/uploads\/2017\/05\/cecilia-perez.jpg 640w, http:\/\/putaendouno.cl\/wp-content\/uploads\/2017\/05\/cecilia-perez-300x150.jpg 300w\" sizes=\"auto, (max-width: 640px) 100vw, 640px\" \/><\/a>Comando de Pi\u00f1era arremete contra periodista de Cooperativa que public\u00f3 que cuando asumi\u00f3 como Presidente ten\u00eda participaci\u00f3n en la pesquera de Angelini.-<\/span><\/h2>\n<p><strong>El Colegio de Periodistas anunci\u00f3 que recurrir\u00e1 a la Justicia para denunciar las presiones e intento de censura que Cecilia P\u00e9rez y el comando de Sebasti\u00e1n Pi\u00f1era habr\u00edan ejercido para \u201cbajar\u201d una nota sobre el empresario en radio Cooperativa.<\/strong><\/p>\n<p><strong>Este eventual acoso afect\u00f3 a Nathaly Alvarez,quien realiz\u00f3 el art\u00edculo que daba cuenta que Pi\u00f1era, al momento de asumir como Presidente de la Rep\u00fablica, ten\u00eda participaci\u00f3n en AntarChile<\/strong>, empresa de la familia Angelini y controladora de Corpesca.<\/p>\n<p>Seg\u00fan el relato de la profesional al organismo, la nota publicada este mi\u00e9rcoles consignaba que esta inversi\u00f3n del candidato presidencial de la UDI, RN y el PRI no estaba considerada en la declaraci\u00f3n de patrimonio presentada en 2010.<\/p>\n<p><strong>Tras su aparici\u00f3n en el portal de radio Cooperativa, Alvarez recibi\u00f3 un llamado telef\u00f3nico de Cecilia P\u00e9rez pidiendo que se bajara el art\u00edculo.<\/strong> Ante esto, el comando de Pi\u00f1era sigui\u00f3 insistiendo ante la periodista y las autoridades de la radio para sacarlo, lo que hizo que agregara una nota editorial que se\u00f1alaba \u201cerrores de elaboraci\u00f3n\u201d.<\/p>\n<p>Ante esto, Nathaly Alvarez decidi\u00f3 adelantar su renuncia ya pactada con Cooperativa, mientras que el Colegio de Periodistas calific\u00f3 el hecho de \u201cextrema gravedad\u201d.<\/p>\n<p><strong>\u201cEs una muestra clara de que a\u00fan en nuestro pa\u00eds existen actores intocables que usan su poder para modificar una investigaci\u00f3n period\u00edstica de un medio como es radio Cooperativa, simplemente por el hecho de poseer una importante cuota de incidencia econ\u00f3mica y pol\u00edtica\u201d, indic\u00f3 el organismo.<\/strong><\/p>\n<p>Junto con ello, \u201chemos tomado conocimiento de las presiones indebidas por parte del comando de Sebasti\u00e1n Pi\u00f1era, y la actitud adoptada por la direcci\u00f3n de radio Cooperativa al desligarse de su propia responsabilidad editorial, lo que configurar\u00eda un caso de presiones indebidas e intento de censura, vulnerando la garant\u00eda constitucional a la Libertad de Expresi\u00f3n de todo ciudadano y de los periodistas en general, afectando adem\u00e1s el derecho de la ciudadan\u00eda toda a acceder a informaci\u00f3n e inter\u00e9s p\u00fablico\u201d.<\/p>\n<p>As\u00ed, el Colegio de Periodistas junto a Nathaly Alvarez concurrir\u00e1n este viernes a la Corte de Apelaciones de Santiago para presentar un recurso de protecci\u00f3n acusando presiones indebidas e intento de censura.<\/p>\n<p>(P1\/ED)<\/p>\n","protected":false},"excerpt":{"rendered":"<p>Comando de Pi\u00f1era arremete contra periodista de Cooperativa que public\u00f3 que cuando asumi\u00f3 como Presidente ten\u00eda participaci\u00f3n en la pesquera de Angelini.- El Colegio de Periodistas anunci\u00f3 que recurrir\u00e1 a la Justicia para denunciar las presiones e intento de censura que Cecilia P\u00e9rez y el comando de Sebasti\u00e1n Pi\u00f1era habr\u00edan ejercido para \u201cbajar\u201d una nota [&hellip;]<\/p>\n","protected":false},"author":1,"featured_media":21586,"comment_status":"open","ping_status":"open","sticky":false,"template":"","format":"standard","meta":{"footnotes":""},"categories":[15],"tags":[],"class_list":["post-21585","post","type-post","status-publish","format-standard","has-post-thumbnail","hentry","category-general"],"jetpack_sharing_enabled":true,"jetpack_featured_media_url":"http:\/\/putaendouno.cl\/wp-content\/uploads\/2017\/05\/cecilia-perez.jpg","_links":{"self":[{"href":"http:\/\/putaendouno.cl\/index.php?rest_route=\/wp\/v2\/posts\/21585","targetHints":{"allow":["GET"]}}],"collection":[{"href":"http:\/\/putaendouno.cl\/index.php?rest_route=\/wp\/v2\/posts"}],"about":[{"href":"http:\/\/putaendouno.cl\/index.php?rest_route=\/wp\/v2\/types\/post"}],"author":[{"embeddable":true,"href":"http:\/\/putaendouno.cl\/index.php?rest_route=\/wp\/v2\/users\/1"}],"replies":[{"embeddable":true,"href":"http:\/\/putaendouno.cl\/index.php?rest_route=%2Fwp%2Fv2%2Fcomments&post=21585"}],"version-history":[{"count":1,"href":"http:\/\/putaendouno.cl\/index.php?rest_route=\/wp\/v2\/posts\/21585\/revisions"}],"predecessor-version":[{"id":21587,"href":"http:\/\/putaendouno.cl\/index.php?rest_route=\/wp\/v2\/posts\/21585\/revisions\/21587"}],"wp:featuredmedia":[{"embeddable":true,"href":"http:\/\/putaendouno.cl\/index.php?rest_route=\/wp\/v2\/media\/21586"}],"wp:attachment":[{"href":"http:\/\/putaendouno.cl\/index.php?rest_route=%2Fwp%2Fv2%2Fmedia&parent=21585"}],"wp:term":[{"taxonomy":"category","embeddable":true,"href":"http:\/\/putaendouno.cl\/index.php?rest_route=%2Fwp%2Fv2%2Fcategories&post=21585"},{"taxonomy":"post_tag","embeddable":true,"href":"http:\/\/putaendouno.cl\/index.php?rest_route=%2Fwp%2Fv2%2Ftags&post=21585"}],"curies":[{"name":"wp","href":"https:\/\/api.w.org\/{rel}","templated":true}]}}