{"id":21575,"date":"2017-05-24T23:56:07","date_gmt":"2017-05-25T02:56:07","guid":{"rendered":"http:\/\/putaendouno.cl\/?p=21575"},"modified":"2017-05-24T23:56:07","modified_gmt":"2017-05-25T02:56:07","slug":"putaendo-pide-reten-para-rinconada-de-silva","status":"publish","type":"post","link":"http:\/\/putaendouno.cl\/?p=21575","title":{"rendered":"Putaendo pide Ret\u00e9n para Rinconada de Silva"},"content":{"rendered":"<div class=\"lazysocialbuttons\" data-float=\"left\" data-buttons=\"google,twitter,facebook\" data-twshareurl=\"http:\/\/putaendouno.cl\/?p=21575\" data-twtext=\"\" data-shareurl=\"http:\/\/putaendouno.cl\/?p=21575\" data-fbhideflyout=\"false\" data-backgroundtype=\"light\"><\/div><h2><span style=\"color: #0000ff;\"><strong><a href=\"http:\/\/putaendouno.cl\/wp-content\/uploads\/2017\/05\/Reuni\u00f3n-Concejo-y-Carabineros.jpg\"><img loading=\"lazy\" decoding=\"async\" class=\"aligncenter size-full wp-image-21576\" src=\"http:\/\/putaendouno.cl\/wp-content\/uploads\/2017\/05\/Reuni\u00f3n-Concejo-y-Carabineros.jpg\" alt=\"\" width=\"640\" height=\"320\" srcset=\"http:\/\/putaendouno.cl\/wp-content\/uploads\/2017\/05\/Reuni\u00f3n-Concejo-y-Carabineros.jpg 640w, http:\/\/putaendouno.cl\/wp-content\/uploads\/2017\/05\/Reuni\u00f3n-Concejo-y-Carabineros-300x150.jpg 300w\" sizes=\"auto, (max-width: 640px) 100vw, 640px\" \/><\/a>Municipio insiste ante Prefectura Aconcagua solicitando aumentar la dotaci\u00f3n\u00a0<\/strong><strong>de Carabineros en lacomuna.-<\/strong><\/span><\/h2>\n<p>La ma\u00f1ana de este mi\u00e9rcoles el Concejo Municipal de Putaendo se reuni\u00f3 con el Prefecto de Carabineros de Aconcagua, Coronel Pablo Salgado Dur\u00e1n, el Comisario de Carabineros de San Felipe, Mayor H\u00e9ctor Soto, y el jefe de la Tenencia de Carabineros de Putaendo, Subteniente Marcelo Gonz\u00e1lez, con el objeto de analizar la situaci\u00f3n la actual dotaci\u00f3n policial en Putaendo.<\/p>\n<p>En el encuentro, en el que tambi\u00e9n participaron dirigentes sociales, como la Uni\u00f3n Comunal de Organizaciones Sociales, que preside don Ren\u00e9 Reyes; y la Uni\u00f3n Comunal Valle de Putaendo, representada por don Claudio Tapia; el alcalde Guillermo Reyes Cortez y los ediles expusieron diferentes inquietudes sobre el aumento de los niveles de inseguridad y delincuencia en la comuna. El Concejo y la comunidad organizada pidieron al Coronel aumentar la dotaci\u00f3n de Carabineros para Putaendo.<\/p>\n<p><span style=\"color: #0000ff;\">&#8220;Sentimos que falta presencia policial, considerando que Putaendo es una de las comunas m\u00e1s extensas de la provincia y de la regi\u00f3n. Entendemos que Carabineros tiene dificultades para recibir m\u00e1s dotaci\u00f3n, pero tambi\u00e9n nosotros planteamos que hay situaciones y delitos graves \u00faltimamente, con tiroteos, persecuciones, con asaltos en el sector precordillerano y, al parecer, una conexi\u00f3n de la droga desde la provincia de Petorca hacia Aconcagua&#8221;<\/span>, plante\u00f3 la m\u00e1xima autoridad comunal, el Alcalde Reyes.<\/p>\n<p>Por su parte, la instituci\u00f3n explic\u00f3 que la dotaci\u00f3n actual responde a diferentes par\u00e1metros de nivel nacional, entre los cuales se cuentan el n\u00famero de denuncias en la comuna. Existe una situaci\u00f3n en Putaendo, donde la poblaci\u00f3n acusa diferentes il\u00edcitos, como el aumento de robos a lugares no habitados, pero no hace la denuncia correspondiente en los retenes o en la Tenencia.<\/p>\n<p>En este sentido, el Concejo y Carabineros realizaron un llamado a la comunidad a denunciar los actos de delincuencia. De esta forma, existir\u00e1 un motivo tangible para aumentar la dotaci\u00f3n policial en la comuna.<\/p>\n<p>Por otro lado, <span style=\"color: #0000ff;\">el Concejo Municipal y vecinos de Rinconada de Silva plantearon la necesidad de tener un ret\u00e9n en su sector e, incluso, entregaron la escritura de un terreno donado para albergar dichas instalaciones. Carabineros analizar\u00e1 la situaci\u00f3n.<\/span><\/p>\n<p>Adem\u00e1s, se espera que el nuevo Ret\u00e9n M\u00f3vil que adquiri\u00f3 la comuna pueda realizar diferentes rondas por sectores urbanos y rurales donde no existan inmuebles policiales. Existir\u00e1 mayor coordinaci\u00f3n conjunta al respecto.<\/p>\n<p>(Fotos abajo: C. Tapia Ch.)<\/p>\n\n\t\t<style type=\"text\/css\">\n\t\t\t#gallery-1 {\n\t\t\t\tmargin: auto;\n\t\t\t}\n\t\t\t#gallery-1 .gallery-item {\n\t\t\t\tfloat: left;\n\t\t\t\tmargin-top: 10px;\n\t\t\t\ttext-align: center;\n\t\t\t\twidth: 33%;\n\t\t\t}\n\t\t\t#gallery-1 img {\n\t\t\t\tborder: 2px solid #cfcfcf;\n\t\t\t}\n\t\t\t#gallery-1 .gallery-caption {\n\t\t\t\tmargin-left: 0;\n\t\t\t}\n\t\t\t\/* see gallery_shortcode() in wp-includes\/media.php *\/\n\t\t<\/style>\n\t\t<div id='gallery-1' class='gallery galleryid-21575 gallery-columns-3 gallery-size-thumbnail'><dl class='gallery-item'>\n\t\t\t<dt class='gallery-icon landscape'>\n\t\t\t\t<a href='http:\/\/putaendouno.cl\/?attachment_id=21577'><img loading=\"lazy\" decoding=\"async\" width=\"150\" height=\"150\" src=\"http:\/\/putaendouno.cl\/wp-content\/uploads\/2017\/05\/carab1-1-150x150.jpg\" class=\"attachment-thumbnail size-thumbnail\" alt=\"\" \/><\/a>\n\t\t\t<\/dt><\/dl><dl class='gallery-item'>\n\t\t\t<dt class='gallery-icon landscape'>\n\t\t\t\t<a href='http:\/\/putaendouno.cl\/?attachment_id=21578'><img loading=\"lazy\" decoding=\"async\" width=\"150\" height=\"150\" src=\"http:\/\/putaendouno.cl\/wp-content\/uploads\/2017\/05\/carab2-1-150x150.jpg\" class=\"attachment-thumbnail size-thumbnail\" alt=\"\" \/><\/a>\n\t\t\t<\/dt><\/dl><dl class='gallery-item'>\n\t\t\t<dt class='gallery-icon landscape'>\n\t\t\t\t<a href='http:\/\/putaendouno.cl\/?attachment_id=21579'><img loading=\"lazy\" decoding=\"async\" width=\"150\" height=\"150\" src=\"http:\/\/putaendouno.cl\/wp-content\/uploads\/2017\/05\/carab3-150x150.jpg\" class=\"attachment-thumbnail size-thumbnail\" alt=\"\" \/><\/a>\n\t\t\t<\/dt><\/dl><br style=\"clear: both\" \/>\n\t\t<\/div>\n\n<p>&nbsp;<\/p>\n","protected":false},"excerpt":{"rendered":"<p>Municipio insiste ante Prefectura Aconcagua solicitando aumentar la dotaci\u00f3n\u00a0de Carabineros en lacomuna.- La ma\u00f1ana de este mi\u00e9rcoles el Concejo Municipal de Putaendo se reuni\u00f3 con el Prefecto de Carabineros de Aconcagua, Coronel Pablo Salgado Dur\u00e1n, el Comisario de Carabineros de San Felipe, Mayor H\u00e9ctor Soto, y el jefe de la Tenencia de Carabineros de Putaendo, [&hellip;]<\/p>\n","protected":false},"author":1,"featured_media":21576,"comment_status":"open","ping_status":"open","sticky":false,"template":"","format":"standard","meta":{"footnotes":""},"categories":[15,4],"tags":[],"class_list":["post-21575","post","type-post","status-publish","format-standard","has-post-thumbnail","hentry","category-general","category-putaendo"],"jetpack_sharing_enabled":true,"jetpack_featured_media_url":"http:\/\/putaendouno.cl\/wp-content\/uploads\/2017\/05\/Reuni\u00f3n-Concejo-y-Carabineros.jpg","_links":{"self":[{"href":"http:\/\/putaendouno.cl\/index.php?rest_route=\/wp\/v2\/posts\/21575","targetHints":{"allow":["GET"]}}],"collection":[{"href":"http:\/\/putaendouno.cl\/index.php?rest_route=\/wp\/v2\/posts"}],"about":[{"href":"http:\/\/putaendouno.cl\/index.php?rest_route=\/wp\/v2\/types\/post"}],"author":[{"embeddable":true,"href":"http:\/\/putaendouno.cl\/index.php?rest_route=\/wp\/v2\/users\/1"}],"replies":[{"embeddable":true,"href":"http:\/\/putaendouno.cl\/index.php?rest_route=%2Fwp%2Fv2%2Fcomments&post=21575"}],"version-history":[{"count":2,"href":"http:\/\/putaendouno.cl\/index.php?rest_route=\/wp\/v2\/posts\/21575\/revisions"}],"predecessor-version":[{"id":21581,"href":"http:\/\/putaendouno.cl\/index.php?rest_route=\/wp\/v2\/posts\/21575\/revisions\/21581"}],"wp:featuredmedia":[{"embeddable":true,"href":"http:\/\/putaendouno.cl\/index.php?rest_route=\/wp\/v2\/media\/21576"}],"wp:attachment":[{"href":"http:\/\/putaendouno.cl\/index.php?rest_route=%2Fwp%2Fv2%2Fmedia&parent=21575"}],"wp:term":[{"taxonomy":"category","embeddable":true,"href":"http:\/\/putaendouno.cl\/index.php?rest_route=%2Fwp%2Fv2%2Fcategories&post=21575"},{"taxonomy":"post_tag","embeddable":true,"href":"http:\/\/putaendouno.cl\/index.php?rest_route=%2Fwp%2Fv2%2Ftags&post=21575"}],"curies":[{"name":"wp","href":"https:\/\/api.w.org\/{rel}","templated":true}]}}