{"id":21499,"date":"2017-05-09T10:32:20","date_gmt":"2017-05-09T14:32:20","guid":{"rendered":"http:\/\/putaendouno.cl\/?p=21499"},"modified":"2017-05-09T10:32:20","modified_gmt":"2017-05-09T14:32:20","slug":"alcalde-reyes-putaendo-requiere-mas-dotacion-policial","status":"publish","type":"post","link":"http:\/\/putaendouno.cl\/?p=21499","title":{"rendered":"Alcalde Reyes: &#8220;Putaendo requiere mas dotaci\u00f3n policial&#8221;"},"content":{"rendered":"<div class=\"lazysocialbuttons\" data-float=\"left\" data-buttons=\"google,twitter,facebook\" data-twshareurl=\"http:\/\/putaendouno.cl\/?p=21499\" data-twtext=\"\" data-shareurl=\"http:\/\/putaendouno.cl\/?p=21499\" data-fbhideflyout=\"false\" data-backgroundtype=\"light\"><\/div><h2><span style=\"color: #0000ff;\"><a href=\"http:\/\/putaendouno.cl\/wp-content\/uploads\/2017\/05\/carab.jpg\"><img loading=\"lazy\" decoding=\"async\" class=\"aligncenter size-full wp-image-21500\" src=\"http:\/\/putaendouno.cl\/wp-content\/uploads\/2017\/05\/carab.jpg\" alt=\"\" width=\"640\" height=\"319\" srcset=\"http:\/\/putaendouno.cl\/wp-content\/uploads\/2017\/05\/carab.jpg 640w, http:\/\/putaendouno.cl\/wp-content\/uploads\/2017\/05\/carab-300x150.jpg 300w\" sizes=\"auto, (max-width: 640px) 100vw, 640px\" \/><\/a>Municipio reacciona ante violentos asaltos ocurridos por bandas for\u00e1neas.-<\/span><\/h2>\n<p>&#8220;Como Municipio lamentamos profundamente la grave situaci\u00f3n que vivieron este fin de semana los vecinos de Las Coimas&#8221;, dijo el Alcalde Guillermo Reyes. El alcalde, en representaci\u00f3n de la comunidad y el Concejo Municipal, reitera la solicitud de contar con mayor contingente policial en Putaendo.<\/p>\n<div class=\"text_exposed_show\">\n<p><a href=\"http:\/\/putaendouno.cl\/wp-content\/uploads\/2017\/05\/gmo.jpg\"><img loading=\"lazy\" decoding=\"async\" class=\"alignleft  wp-image-21501\" src=\"http:\/\/putaendouno.cl\/wp-content\/uploads\/2017\/05\/gmo-300x209.jpg\" alt=\"\" width=\"212\" height=\"148\" srcset=\"http:\/\/putaendouno.cl\/wp-content\/uploads\/2017\/05\/gmo-300x209.jpg 300w, http:\/\/putaendouno.cl\/wp-content\/uploads\/2017\/05\/gmo.jpg 452w\" sizes=\"auto, (max-width: 212px) 100vw, 212px\" \/><\/a>\u201cEsta es una situaci\u00f3n extremadamente grave y no es un hecho aislado. Se ha detectado por distintos organismos y actores que est\u00e1 llegando gente de afuera a cometer delitos en nuestra comuna&#8221;, expres\u00f3 la autoridad comunal.<\/p>\n<p>En ese marco, el edil elev\u00f3 su preocupaci\u00f3n al <span class=\"_5afx\"><span class=\"_58cm\">Gobierno<\/span><\/span> para que &#8220;nos ayude y aumente la cantidad de polic\u00edas en Putaendo. Somos la comuna con mayor territorio en la Provincia y la actual dotaci\u00f3n es insuficiente\u201d, reclam\u00f3 el alcalde Reyes.<\/p>\n<p>\u201cNosotros que estamos ac\u00e1 con estas dificultades y riesgos, necesitamos el apoyo del Gobierno Provincial. No tengo duda que nuestro Gobernador nos va a ayudar. A lo menos la Tenencia de Putaendo deber\u00eda tener 15 o m\u00e1s polic\u00edas. Hoy d\u00eda, estamos viviendo este flagelo y la \u00fanica forma de combatirlo es con m\u00e1s carabineros\u201d, reiter\u00f3 el edil.<\/p>\n<h4><span style=\"color: #0000ff;\">MEDIDAS JUNTO A VECINOS<\/span><\/h4>\n<p>El Municipio ya tuvo conversaciones con los vecinos del sector afectado y se est\u00e1 trabajando para tomar mayores medidas de seguridad junto a la comunidad. \u201cBuscaremos algunas mecanismos para mejorar la seguridad del sector. Espero el mando de la Prefectura tenga en consideraci\u00f3n este tipo de situaci\u00f3n que ya se est\u00e1 haciendo reiterativa en Putaendo\u201d, concluy\u00f3 el alcalde.<\/p>\n<\/div>\n","protected":false},"excerpt":{"rendered":"<p>Municipio reacciona ante violentos asaltos ocurridos por bandas for\u00e1neas.- &#8220;Como Municipio lamentamos profundamente la grave situaci\u00f3n que vivieron este fin de semana los vecinos de Las Coimas&#8221;, dijo el Alcalde Guillermo Reyes. El alcalde, en representaci\u00f3n de la comunidad y el Concejo Municipal, reitera la solicitud de contar con mayor contingente policial en Putaendo. \u201cEsta [&hellip;]<\/p>\n","protected":false},"author":1,"featured_media":21500,"comment_status":"open","ping_status":"open","sticky":false,"template":"","format":"standard","meta":{"footnotes":""},"categories":[15,4],"tags":[],"class_list":["post-21499","post","type-post","status-publish","format-standard","has-post-thumbnail","hentry","category-general","category-putaendo"],"jetpack_sharing_enabled":true,"jetpack_featured_media_url":"http:\/\/putaendouno.cl\/wp-content\/uploads\/2017\/05\/carab.jpg","_links":{"self":[{"href":"http:\/\/putaendouno.cl\/index.php?rest_route=\/wp\/v2\/posts\/21499","targetHints":{"allow":["GET"]}}],"collection":[{"href":"http:\/\/putaendouno.cl\/index.php?rest_route=\/wp\/v2\/posts"}],"about":[{"href":"http:\/\/putaendouno.cl\/index.php?rest_route=\/wp\/v2\/types\/post"}],"author":[{"embeddable":true,"href":"http:\/\/putaendouno.cl\/index.php?rest_route=\/wp\/v2\/users\/1"}],"replies":[{"embeddable":true,"href":"http:\/\/putaendouno.cl\/index.php?rest_route=%2Fwp%2Fv2%2Fcomments&post=21499"}],"version-history":[{"count":1,"href":"http:\/\/putaendouno.cl\/index.php?rest_route=\/wp\/v2\/posts\/21499\/revisions"}],"predecessor-version":[{"id":21502,"href":"http:\/\/putaendouno.cl\/index.php?rest_route=\/wp\/v2\/posts\/21499\/revisions\/21502"}],"wp:featuredmedia":[{"embeddable":true,"href":"http:\/\/putaendouno.cl\/index.php?rest_route=\/wp\/v2\/media\/21500"}],"wp:attachment":[{"href":"http:\/\/putaendouno.cl\/index.php?rest_route=%2Fwp%2Fv2%2Fmedia&parent=21499"}],"wp:term":[{"taxonomy":"category","embeddable":true,"href":"http:\/\/putaendouno.cl\/index.php?rest_route=%2Fwp%2Fv2%2Fcategories&post=21499"},{"taxonomy":"post_tag","embeddable":true,"href":"http:\/\/putaendouno.cl\/index.php?rest_route=%2Fwp%2Fv2%2Ftags&post=21499"}],"curies":[{"name":"wp","href":"https:\/\/api.w.org\/{rel}","templated":true}]}}