{"id":21492,"date":"2017-05-08T21:45:41","date_gmt":"2017-05-09T01:45:41","guid":{"rendered":"http:\/\/putaendouno.cl\/?p=21492"},"modified":"2017-05-08T22:04:24","modified_gmt":"2017-05-09T02:04:24","slug":"rolando-stevenson-es-el-nuevo-presidente-del-core-valparaiso","status":"publish","type":"post","link":"http:\/\/putaendouno.cl\/?p=21492","title":{"rendered":"Rolando Stevenson es el nuevo presidente del CORE Valpara\u00edso"},"content":{"rendered":"<div class=\"lazysocialbuttons\" data-float=\"left\" data-buttons=\"google,twitter,facebook\" data-twshareurl=\"http:\/\/putaendouno.cl\/?p=21492\" data-twtext=\"\" data-shareurl=\"http:\/\/putaendouno.cl\/?p=21492\" data-fbhideflyout=\"false\" data-backgroundtype=\"light\"><\/div><h2><span style=\"color: #0000ff;\"><a href=\"http:\/\/putaendouno.cl\/wp-content\/uploads\/2017\/05\/rolaport.jpg\"><img loading=\"lazy\" decoding=\"async\" class=\"aligncenter size-full wp-image-21493\" src=\"http:\/\/putaendouno.cl\/wp-content\/uploads\/2017\/05\/rolaport.jpg\" alt=\"\" width=\"640\" height=\"321\" srcset=\"http:\/\/putaendouno.cl\/wp-content\/uploads\/2017\/05\/rolaport.jpg 640w, http:\/\/putaendouno.cl\/wp-content\/uploads\/2017\/05\/rolaport-300x150.jpg 300w\" sizes=\"auto, (max-width: 640px) 100vw, 640px\" \/><\/a>Se impuso por 17 votos contra 10 sobre la UDI Mar\u00eda Paz Santelies.-<\/span><\/h2>\n<p>El consejero regional representante de la provincia de San Felipe, Rolando Stevenson Velasco (DC) es el nuevo\u00a0presidente del Consejo Regional (CORE) de Valpara\u00edso, quien fue electo por sus pares por 17 votos a favor, frente a los 10 votos que obtuvo la consejera regional representante de la provincia de Marga Marga, Mar\u00eda Paz Santelices Ca\u00f1as (UDI).<\/p>\n<p>El cambio de mando se realiz\u00f3 en la \u00faltima sesi\u00f3n del pleno del cuerpo colegiado, tras la renuncia del ahora ex presidente, Daniel Garrido Quintanilla (PC), a un a\u00f1o de su gesti\u00f3n a la cabeza de esta instituci\u00f3n.<\/p>\n<p>Junto con agradecer el respaldo de todas las bancadas pol\u00edticas durante su per\u00edodo, Garrido se mostr\u00f3 conforme con su gesti\u00f3n, la cual \u201ctuvo \u00e9nfasis en la descentralizaci\u00f3n y en fortalecer el v\u00ednculo con la comunidad\u201d.<\/p>\n<p>A su vez, el ex presidente lament\u00f3 \u201cla forma en c\u00f3mo se ha llevado la discusi\u00f3n en el Parlamento respecto a las leyes que tienen que ver con la profundizaci\u00f3n de los procesos de regionalizaci\u00f3n, las competencias de los gobiernos regionales, los per\u00edodos de duraci\u00f3n de los consejeros regionales, entre otras materias. Todos estamos de acuerdo en que debe haber elecci\u00f3n de Gobernador Regional, pero con una entidad verdaderamente descentralizada, que sea capaz de decidir en conjunto con la comunidad, la destinaci\u00f3n de los recursos y el desarrollo de la regi\u00f3n. No obstante, desde el Congreso sentimos una desvalorizaci\u00f3n del rol de los consejeros regionales, y por ende de las regiones y la descentralizaci\u00f3n\u201d, dijo.<\/p>\n<p><a href=\"http:\/\/putaendouno.cl\/wp-content\/uploads\/2017\/05\/rola1.jpg\"><img loading=\"lazy\" decoding=\"async\" class=\"alignleft size-medium wp-image-21494\" src=\"http:\/\/putaendouno.cl\/wp-content\/uploads\/2017\/05\/rola1-300x200.jpg\" alt=\"\" width=\"300\" height=\"200\" srcset=\"http:\/\/putaendouno.cl\/wp-content\/uploads\/2017\/05\/rola1-300x200.jpg 300w, http:\/\/putaendouno.cl\/wp-content\/uploads\/2017\/05\/rola1.jpg 640w\" sizes=\"auto, (max-width: 300px) 100vw, 300px\" \/><\/a>En tanto, el nuevo presidente, Rolando Stevenson, se manifest\u00f3 satisfecho con la elecci\u00f3n, \u201cpues si bien es cierto, se produjo principalmente con los votos de la Nueva Mayor\u00eda, yo representar\u00e9 a todos los consejeros regionales en su conjunto\u201d.<\/p>\n<p>Asimismo, afirm\u00f3 que \u201cmi gesti\u00f3n estar\u00e1 marcada en poder conectar las realidades del sector cordillera con la costa (dada su calidad de representante de la provincia de San Felipe), que evidentemente son distintas, pero todas las provincias tienen problemas comunes, como la delincuencia, a prop\u00f3sito de las \u00faltimas balaceras ocurridas en Valpara\u00edso, pero es una situaci\u00f3n que afecta a toda la regi\u00f3n y ser\u00e1 abordada de manera global, a trav\u00e9s \u2013por ejemplo- de los proyectos impulsados por el CORE en materia de Seguridad Ciudadana\u201d.<\/p>\n<p>Por \u00faltimo, Stevenson explic\u00f3 que \u201clos consejeros regionales somos electos por los ciudadanos y nos debemos a la comunidad, por eso es necesario buscar lazos de relaci\u00f3n m\u00e1s cercanos con la gente. No venimos solo a aprobar las propuestas del Ejecutivo, si no que a velar por los intereses de todos los habitantes de la regi\u00f3n\u201d, concluy\u00f3.<\/p>\n\n\t\t<style type=\"text\/css\">\n\t\t\t#gallery-1 {\n\t\t\t\tmargin: auto;\n\t\t\t}\n\t\t\t#gallery-1 .gallery-item {\n\t\t\t\tfloat: left;\n\t\t\t\tmargin-top: 10px;\n\t\t\t\ttext-align: center;\n\t\t\t\twidth: 33%;\n\t\t\t}\n\t\t\t#gallery-1 img {\n\t\t\t\tborder: 2px solid #cfcfcf;\n\t\t\t}\n\t\t\t#gallery-1 .gallery-caption {\n\t\t\t\tmargin-left: 0;\n\t\t\t}\n\t\t\t\/* see gallery_shortcode() in wp-includes\/media.php *\/\n\t\t<\/style>\n\t\t<div id='gallery-1' class='gallery galleryid-21492 gallery-columns-3 gallery-size-thumbnail'><dl class='gallery-item'>\n\t\t\t<dt class='gallery-icon landscape'>\n\t\t\t\t<a href='http:\/\/putaendouno.cl\/?attachment_id=21495'><img loading=\"lazy\" decoding=\"async\" width=\"150\" height=\"150\" src=\"http:\/\/putaendouno.cl\/wp-content\/uploads\/2017\/05\/rola2-150x150.jpg\" class=\"attachment-thumbnail size-thumbnail\" alt=\"\" \/><\/a>\n\t\t\t<\/dt><\/dl><dl class='gallery-item'>\n\t\t\t<dt class='gallery-icon landscape'>\n\t\t\t\t<a href='http:\/\/putaendouno.cl\/?attachment_id=21496'><img loading=\"lazy\" decoding=\"async\" width=\"150\" height=\"150\" src=\"http:\/\/putaendouno.cl\/wp-content\/uploads\/2017\/05\/rola3-150x150.jpg\" class=\"attachment-thumbnail size-thumbnail\" alt=\"\" \/><\/a>\n\t\t\t<\/dt><\/dl><dl class='gallery-item'>\n\t\t\t<dt class='gallery-icon landscape'>\n\t\t\t\t<a href='http:\/\/putaendouno.cl\/?attachment_id=21497'><img loading=\"lazy\" decoding=\"async\" width=\"150\" height=\"150\" src=\"http:\/\/putaendouno.cl\/wp-content\/uploads\/2017\/05\/rola4-150x150.jpg\" class=\"attachment-thumbnail size-thumbnail\" alt=\"\" \/><\/a>\n\t\t\t<\/dt><\/dl><br style=\"clear: both\" \/>\n\t\t<\/div>\n\n<p>&nbsp;<\/p>\n","protected":false},"excerpt":{"rendered":"<p>Se impuso por 17 votos contra 10 sobre la UDI Mar\u00eda Paz Santelies.- El consejero regional representante de la provincia de San Felipe, Rolando Stevenson Velasco (DC) es el nuevo\u00a0presidente del Consejo Regional (CORE) de Valpara\u00edso, quien fue electo por sus pares por 17 votos a favor, frente a los 10 votos que obtuvo la [&hellip;]<\/p>\n","protected":false},"author":1,"featured_media":21493,"comment_status":"open","ping_status":"open","sticky":false,"template":"","format":"standard","meta":{"footnotes":""},"categories":[15,5],"tags":[],"class_list":["post-21492","post","type-post","status-publish","format-standard","has-post-thumbnail","hentry","category-general","category-aconcagua"],"jetpack_sharing_enabled":true,"jetpack_featured_media_url":"http:\/\/putaendouno.cl\/wp-content\/uploads\/2017\/05\/rolaport.jpg","_links":{"self":[{"href":"http:\/\/putaendouno.cl\/index.php?rest_route=\/wp\/v2\/posts\/21492","targetHints":{"allow":["GET"]}}],"collection":[{"href":"http:\/\/putaendouno.cl\/index.php?rest_route=\/wp\/v2\/posts"}],"about":[{"href":"http:\/\/putaendouno.cl\/index.php?rest_route=\/wp\/v2\/types\/post"}],"author":[{"embeddable":true,"href":"http:\/\/putaendouno.cl\/index.php?rest_route=\/wp\/v2\/users\/1"}],"replies":[{"embeddable":true,"href":"http:\/\/putaendouno.cl\/index.php?rest_route=%2Fwp%2Fv2%2Fcomments&post=21492"}],"version-history":[{"count":1,"href":"http:\/\/putaendouno.cl\/index.php?rest_route=\/wp\/v2\/posts\/21492\/revisions"}],"predecessor-version":[{"id":21498,"href":"http:\/\/putaendouno.cl\/index.php?rest_route=\/wp\/v2\/posts\/21492\/revisions\/21498"}],"wp:featuredmedia":[{"embeddable":true,"href":"http:\/\/putaendouno.cl\/index.php?rest_route=\/wp\/v2\/media\/21493"}],"wp:attachment":[{"href":"http:\/\/putaendouno.cl\/index.php?rest_route=%2Fwp%2Fv2%2Fmedia&parent=21492"}],"wp:term":[{"taxonomy":"category","embeddable":true,"href":"http:\/\/putaendouno.cl\/index.php?rest_route=%2Fwp%2Fv2%2Fcategories&post=21492"},{"taxonomy":"post_tag","embeddable":true,"href":"http:\/\/putaendouno.cl\/index.php?rest_route=%2Fwp%2Fv2%2Ftags&post=21492"}],"curies":[{"name":"wp","href":"https:\/\/api.w.org\/{rel}","templated":true}]}}