{"id":21482,"date":"2017-05-05T10:26:25","date_gmt":"2017-05-05T14:26:25","guid":{"rendered":"http:\/\/putaendouno.cl\/?p=21482"},"modified":"2017-05-05T10:26:25","modified_gmt":"2017-05-05T14:26:25","slug":"carolina-goic-si-algo-nos-falta-a-los-politicos-es-humanizarnos","status":"publish","type":"post","link":"http:\/\/putaendouno.cl\/?p=21482","title":{"rendered":"Carolina Goic: &#8220;Si algo nos falta a los pol\u00edticos, es humanizarnos&#8221;"},"content":{"rendered":"<div class=\"lazysocialbuttons\" data-float=\"left\" data-buttons=\"google,twitter,facebook\" data-twshareurl=\"http:\/\/putaendouno.cl\/?p=21482\" data-twtext=\"\" data-shareurl=\"http:\/\/putaendouno.cl\/?p=21482\" data-fbhideflyout=\"false\" data-backgroundtype=\"light\"><\/div><div id=\"contenido\" class=\"aleft grid-8\">\n<section id=\"articulos\" class=\"grid-12\">\n<article class=\"art-noticias grid-12\">\n<div class=\"foto-art\"><\/div>\n<div class=\"CUERPO\">\n<h2><span style=\"color: #0000ff;\"><a href=\"http:\/\/putaendouno.cl\/wp-content\/uploads\/2017\/05\/caroport.jpg\"><img loading=\"lazy\" decoding=\"async\" class=\"aligncenter size-full wp-image-21483\" src=\"http:\/\/putaendouno.cl\/wp-content\/uploads\/2017\/05\/caroport.jpg\" alt=\"\" width=\"640\" height=\"322\" srcset=\"http:\/\/putaendouno.cl\/wp-content\/uploads\/2017\/05\/caroport.jpg 640w, http:\/\/putaendouno.cl\/wp-content\/uploads\/2017\/05\/caroport-300x151.jpg 300w\" sizes=\"auto, (max-width: 640px) 100vw, 640px\" \/><\/a>Completa entrevista a Carolina Goic.-<\/span><\/h2>\n<p><span style=\"color: #0000ff;\">No le ha sido f\u00e1cil, tanto en lo profesional como en lo familiar, llegar desde el extremo sur a posicionarse como una de las pol\u00edticas con m\u00e1s futuro de la Democracia Cristiana, partido que preside. Pero su liderazgo ha calado hondo, tanto que est\u00e1 decidida a llegar hasta el final con su candidatura presidencial y estar en la papeleta del 19 de noviembre.<\/span><\/p>\n<p>El 9 julio del 2013 entrevistamos a la entonces diputada DC Carolina Goic por segunda vez, donde hablamos de su regreso al Parlamento tras una extensa licencia m\u00e9dica en la que se trat\u00f3 un linfoma de Hodgking, m\u00e1s conocido como c\u00e1ncer linf\u00e1tico. Nos cont\u00f3 que la enfermedad le sirvi\u00f3 para tomar su intenso trabajo con m\u00e1s tranquilidad, y darle a su familia el tiempo necesario para disfrutarlos. Cuatro a\u00f1os despu\u00e9s, la actual senadora por la circunscripci\u00f3n 19 de la Regi\u00f3n de Magallanes y la Ant\u00e1rtica Chilena, es la presidenta del partido Dem\u00f3crata Cristiano y, si fuera poco, candidata a Presidenta de la Rep\u00fablica.<\/p>\n<p>Llega puntual\u00edsima a las 8.30 de la ma\u00f1ana a la sesi\u00f3n de fotos, a\u00fan cuando el d\u00eda anterior la sesi\u00f3n del Senado la tuvo trabajando hasta altas horas de la madrugada. Y entre las luces y el maquillaje jam\u00e1s dej\u00f3 de lado su rol; cualquier minuto libre lo utiliz\u00f3 para revisar documentaci\u00f3n que m\u00e1s tarde se tradujo en la esperada aprobaci\u00f3n por parte del Senado de la denominada &#8220;Ley Cholito&#8221;, sobre tenencia responsable de mascotas, tema que qued\u00f3 &#8220;destrabado&#8221; en la comisi\u00f3n mixta que integr\u00f3.<\/p>\n<p>No puede evitar recordar la primera entrevista que le hice para nuestra revista, hace unos seis a\u00f1os, poco tiempo antes que se le detectara el c\u00e1ncer. &#8220;Ha pasado el tiempo, y mira d\u00f3nde estamos&#8230;&#8221;, dice. De acuerdo al escenario que se manten\u00eda hasta el cierre de esta edici\u00f3n, el futuro pol\u00edtico de Carolina Goic depend\u00eda de lo que decidiera la Junta Nacional de la Democracia Cristiana, en el c\u00f3nclave realizado el s\u00e1bado 29 de abril. La \u00fanica certeza que ten\u00eda la candidata y su entorno al momento de esta entrevista, era su convicci\u00f3n absoluta de ir a la primera vuelta electoral en noviembre pr\u00f3ximo, por lo que las primarias estaban fuera de cualquier opci\u00f3n.<\/p>\n<p><span style=\"color: #0000ff;\"><strong>Cuando partiste como candidata a diputada, \u00bfpensaste que tu nombre llegar\u00eda a estar entre los candidatos a La Moneda?<\/strong><\/span><br \/>\nAntes de ser diputada tampoco estaba en mi planificaci\u00f3n llegar al Parlamento, pero siempre me he imaginado trabajando por la gente, y en mi caso hay una ruta que he ido construyendo y se han sucedido pasos como consecuencia de lo que he hecho previamente. De alguna manera cuesta asumir riesgos y espacios de responsabilidad. Ser candidata es un riesgo tambi\u00e9n, y el haber tenido un buen desempe\u00f1o me ha permitido construir una carrera que finalmente desemboca en un desaf\u00edo que es enorme, en el sentido de motivar y entusiasmar.<\/p>\n<p><span style=\"color: #0000ff;\"><strong>Esta es una elecci\u00f3n distinta, m\u00e1s compleja. \u00bfSigue la motivaci\u00f3n y el entusiasmo de un comienzo?<\/strong><\/span><br \/>\nEn mis primeras campa\u00f1as llegu\u00e9 a gente y familias con las que hab\u00eda trabajado antes como asistente social, personas a las que hice el diagn\u00f3stico de sus casas y trabajamos ampliaciones de sus viviendas. Despu\u00e9s, como Seremi de Planificaci\u00f3n, las fui a visitar cuando se hizo el programa &#8220;Puente&#8221;, y me toc\u00f3 hacerlo desde Magallanes. Con el tiempo me toc\u00f3 golpear las puertas de esas mismas personas en la campa\u00f1a para diputada, donde les expliqu\u00e9 que desde el Parlamento podr\u00edamos trabajar con otras herramientas que benefician a m\u00e1s. Y ahora pasa lo mismo, es subir una escala m\u00e1s en torno a lo que podemos hacer, es volver a golpear las puertas de los mismos con quienes ya hemos construido una relaci\u00f3n; ya no es s\u00f3lo de trabajo, sino de representaci\u00f3n. Represento a personas por las que peleo por los temas que ellos tambi\u00e9n luchan, y ahora deseo hacerlo desde el espacio m\u00e1ximo que es la Presidencia de la Rep\u00fablica.<\/p>\n<p><span style=\"color: #0000ff;\"><strong>En definitiva es literalmente lo que se llama &#8220;una carrera&#8221;.<\/strong><\/span><br \/>\nEs ir escalando espacios de representaci\u00f3n, y tambi\u00e9n se trata de un v\u00ednculo de confianza con las personas&#8230; Desde esa trinchera uno se siente con m\u00e1s poder de cambiar concretamente la vida a las gente.<img loading=\"lazy\" decoding=\"async\" id=\"foto_00000002\" class=\"fotodrag ui-draggable ui-draggable-disabled ui-state-disabled aligncenter\" src=\"http:\/\/www.nuevamujer.com\/mujeres\/site\/artic\/20170502\/imag\/foto_0000000220170502083324_3.jpg\" alt=\"Imagen foto_00000002\" width=\"369\" height=\"500\" name=\"foto_00000002\" border=\"0\" data-w=\"576\" data-h=\"787\" \/><\/p>\n<p><span style=\"color: #0000ff;\"><strong>En un pa\u00eds bastante machista como Chile, \u00bffue dif\u00edcil posicionarte en la pol\u00edtica, viniendo adem\u00e1s del extremo sur del pa\u00eds?<\/strong><\/span><br \/>\nEl mundo es todav\u00eda muy machista, pero nunca me quejo, al contrario me desempe\u00f1o en un mundo de hombres. He sido muchas veces la \u00fanica mujer en la bancada y tambi\u00e9n en el gabinete, pero nunca ha sido obst\u00e1culo. Independiente de eso \u00e9ste es sin duda un mundo machista, dificultad que enfrentamos todas las mujeres; permanentemente estamos rindiendo pruebas o estamos bajo la lupa por el s\u00f3lo hecho de ser mujer. Tenemos una doble exigencia, y es distinto a lo que pasa con los hombres. Por ejemplo, si tomamos una decisi\u00f3n dura se nos dice fr\u00edas, pero de un hombre se dice que ejerce su liderazgo. Pero eso es algo con lo que convivimos.<\/p>\n<p><strong><span style=\"color: #0000ff;\">\u00bfEstamos lejos de cambiar eso en nuestra sociedad<\/span>?<\/strong><br \/>\nPara m\u00ed es una oportunidad, y si acced\u00ed a estar en esto fue por dar esa pelea, no s\u00f3lo por m\u00ed, sino por las mujeres que vienen en el futuro. Miro a mis hijas, y para ellas el mundo entrega muchas m\u00e1s oportunidades. Es, de alguna manera, ir abriendo camino, siento que he podido contribuir sin perder un estilo, que es lo m\u00e1s importante.<\/p>\n<p><span style=\"color: #0000ff;\"><strong>Lo m\u00e1s dif\u00edcil de trabajar en la pol\u00edtica es&#8230;<\/strong><\/span><br \/>\nLo mismo que todas las mujeres que trabajan, conciliar los distintos mundos. Me encanta estar en mi casa, con mi familia, me encanta cocinar cuando tengo el tiempo para hacerlo, pero tambi\u00e9n me gusta ser un aporte a la sociedad y desarrollarme profesional y pol\u00edticamente. Cuando uno arma vida en una regi\u00f3n lejana est\u00e1 adem\u00e1s el tema de la distancia, pero como todas las mujeres de este pa\u00eds, somos capaces de hacer dos cosas a la vez sin problemas, y capaces de conciliar todo. Adem\u00e1s tenemos la capacidad de aportar con esa conexi\u00f3n, ese cable a tierra con lo cotidiano a las decisiones que tomamos para la pol\u00edtica p\u00fablica.<\/p>\n<p><span style=\"color: #0000ff;\"><strong>\u00bfY c\u00f3mo est\u00e1 la casa?<\/strong><\/span><br \/>\nS\u00faper bien&#8230; Despu\u00e9s de 8 a\u00f1os de viajar todas las semanas, estamos viviendo todos ac\u00e1 en Santiago para facilitar las cosas. Para m\u00ed era muy importante ver a mis hijas y a mi marido todo el tiempo. Antes viajaba a trabajar y ellos se quedaban en Magallanes, ahora lo hago al rev\u00e9s, porque obviamente mantengo mi casa all\u00e1 y voy durante la semana regional. La idea es facilitar las cosas y estar m\u00e1s cerca de mi familia.<\/p>\n<p><span style=\"color: #0000ff;\"><strong>\u00bfY da el tiempo para hacer vida de due\u00f1a de casa?<\/strong><\/span><br \/>\nCuando puedo voy a la feria y estoy descubriendo el barrio, pero para nosotros nuestro lugar es y ser\u00e1 Magallanes, siempre. Voy al menos una vez al mes un par de d\u00edas para seguir los temas regionales, y cargarme con la energ\u00eda \u00fanica del sur.<\/p>\n<p><span style=\"color: #0000ff;\"><strong>\u00bfQu\u00e9 dijo la familia ante la frase &#8220;ser\u00e9 candidata a la Presidencia de Chile&#8221;?<\/strong><\/span><br \/>\nEsto no es un proyecto s\u00f3lo m\u00edo, sino de toda mi familia; requiere de la complicidad y el cari\u00f1o de ellos. Me encanta cuando mi hija me da ideas de lo que debo decir en los discursos, por ejemplo. Imag\u00ednate&#8230; Tiene 13 a\u00f1os, representa otra generaci\u00f3n. Las veo involucradas en esto, y aportando. Incluso una vez una de ellas me propuso un proyecto de Ley para llevarlo al Congreso.<\/p>\n<p><span style=\"color: #0000ff;\"><strong>\u00bfCu\u00e1l fue esa idea?<\/strong><\/span><br \/>\n\u00cdbamos pasando por un peaje y una ambulancia tuvo que hacer la fila para pagar. Ella se dio cuenta y me dijo &#8220;mam\u00e1, t\u00fa tienes que hacer una ley para que los veh\u00edculos de emergencia pasen inmediatamente&#8221;. Como vez son cosas de sentido com\u00fan en una ni\u00f1a de 13 a\u00f1os; despu\u00e9s ese tema lo discutimos en el Parlamento.<\/p>\n<p><strong><span style=\"color: #0000ff;\">\u00bfOrgullosa?<\/span><\/strong><br \/>\nS\u00ed, estoy muy orgullosa de c\u00f3mo les he transmitido las cosas, as\u00ed como yo lo aprend\u00ed de mi pap\u00e1. La pol\u00edtica es una actividad de servicio en la cual podemos trabajar por la gente, y me gusta que se entusiasmen con eso, que sean mi apoyo. Es importante que ellas, a trav\u00e9s de su mam\u00e1, est\u00e9n tratando de pensar en c\u00f3mo ayudar a Chile. Est\u00e1n muy entusiasmadas&#8230; Aunque reclaman a veces que quieren estar m\u00e1s conmigo. En todo caso, si no fuera as\u00ed, me dar\u00eda pena&#8230; (r\u00ede).<img loading=\"lazy\" decoding=\"async\" id=\"foto_00000001\" class=\"fotodrag ui-draggable ui-draggable-disabled ui-state-disabled aligncenter\" src=\"http:\/\/www.nuevamujer.com\/mujeres\/site\/artic\/20170502\/imag\/foto_0000000120170502083324_3.jpg\" alt=\"Imagen foto_00000001\" width=\"404\" height=\"609\" name=\"foto_00000001\" border=\"0\" data-w=\"525\" data-h=\"787\" \/><\/p>\n<p><span style=\"color: #0000ff;\"><strong>En julio del 2013 nos dijiste que una de las moralejas que te dej\u00f3 el c\u00e1ncer fue tomarse con m\u00e1s tranquilidad el trabajo y priorizar la familia. Hoy te vemos en la carrera por La Moneda&#8230; \u00bfQu\u00e9 pas\u00f3?<\/strong><\/span><br \/>\n(R\u00ede y luego de unos segundos contesta) Todo lo asumo justamente desde ese aprendizaje de vida. El c\u00e1ncer me ense\u00f1\u00f3 a vivir mucho m\u00e1s el momento, a ser capaz de establecer una mirada mucho m\u00e1s profunda de las cosas cotidianas que a veces dejamos pasar. Hoy ser candidata a la Presidencia de la Rep\u00fablica es una tremenda oportunidad, as\u00ed lo veo, y de manera intensa. Estoy tratando de aprovechar todo lo que tengo, con la posibilidad de recorrer el pa\u00eds y darme cuenta de tantas cosas, conversar con la gente y conectarme con ellos. Esas cosas las vivo muy a flor de piel, y tiene que ver con esa experiencia de vida que tuve. M\u00e1s que proyectar lo que har\u00e9 en cuatro u ocho a\u00f1os m\u00e1s, el tema es c\u00f3mo vivir hoy el momento que me toca y la oportunidad que tengo. Entonces doy todo desde mi historia y experiencia. Si algo nos falta a los pol\u00edticos es humanizarnos.<\/p>\n<p><span style=\"color: #0000ff;\"><strong>\u00bfY c\u00f3mo te humanizas t\u00fa, por ejemplo?<\/strong><\/span><br \/>\nHago el simple ejercicio de hacer como que no pertenezco a la pol\u00edtica, me siento frente a la televisi\u00f3n y miro a los pol\u00edticos en perspectiva, desde afuera. As\u00ed veo, analizo y entiendo que la gente pueda tener rabia, porque discutimos cosas que nada tienen que ver con lo cotidiano y sus preocupaciones. Trato de ponerme en el lugar de una familia de esfuerzo, de una mujer que madruga y saca adelante a sus hijos, que toman micro y se desplazan a sus trabajos gran parte del d\u00eda. Y desde ah\u00ed pienso en c\u00f3mo humanizar nuestras relaciones. Esa es una de mis preocupaciones para llevar a cabo como Presidenta. Es muy importante crecer y lograr buenas cifras como pa\u00eds, pero tan importante como eso es recuperar la humanidad en lo que hacemos, como que en la salud, aparte de entregar un buen servicio, los traten como corresponde. Debemos tratar de volver con la pol\u00edtica a lo cotidiano, lo que a veces no implica tantos recursos, sino m\u00e1s bien reenfocarse.<\/p>\n<p><span style=\"color: #0000ff;\"><strong>\u00bfQu\u00e9 dir\u00eda tu padre, Pedro Goic, sobre lo que le est\u00e1 pasando a su hija?<\/strong><\/span><br \/>\nA mi pap\u00e1 lo siento s\u00faper presente, se sabe que falleci\u00f3 hace pocos a\u00f1os a ra\u00edz de un accidente. Siempre estaba conmigo en el partido, en las campa\u00f1as. Soy muy creyente, lo siento muy cerca de m\u00ed cada vez que me despierto en las ma\u00f1anas.<\/p>\n<p><span style=\"color: #0000ff;\"><strong>En la chochera de padre&#8230;, \u00bfhabr\u00e1 dicho alguna vez &#8220;mi hija ser\u00e1 presidenta de Chile&#8221;?<\/strong><\/span><br \/>\n(Piensa unos segundos) No s\u00e9&#8230; Pero siempre estuvo muy orgulloso, y estoy segura que me mira desde arriba y est\u00e1 igual de orgulloso. Siempre he pensado que estoy continuando el camino que \u00e9l dej\u00f3 trazado.<\/p>\n<p><span style=\"color: #0000ff;\"><strong>\u00bfC\u00f3mo era tu relaci\u00f3n con \u00e9l?<\/strong><\/span><br \/>\nMuy cercana, era muy regalona de mi pap\u00e1. El era un hombre de terreno y de estar siempre cerca de la gente sencilla, con los campesinos. Tambi\u00e9n muy alegre, amigo de sus amigos, y en eso me gustaba mucho acompa\u00f1arlo. S\u00ed, la verdad es que soy muy parecida a \u00e9l. De los hermanos soy la que m\u00e1s sigui\u00f3 la veta pol\u00edtica activa, y te aseguro que mi pap\u00e1 es hoy mi jefe de campa\u00f1a.<\/p>\n<p><span style=\"color: #0000ff;\"><strong>MUJERES AL PODER<\/strong><\/span><br \/>\n<span style=\"color: #0000ff;\"><strong>Beatriz S\u00e1nchez se sum\u00f3 a la carrera por La Moneda. \u00bfLa gente ped\u00eda una alternativa ajena a la pol\u00edtica?<\/strong><\/span><br \/>\nS\u00ed, creo que efectivamente es as\u00ed. Es alguien que viene de un mundo distinto de la pol\u00edtica tradicional y que apunta a buscar renovaci\u00f3n y conexi\u00f3n con las cosas comunes y corrientes. Es adem\u00e1s una mujer joven y su nombre apunta a una l\u00f3gica de renovaci\u00f3n.<\/p>\n<p><span style=\"color: #0000ff;\"><strong>En lo personal, \u00bfc\u00f3mo ves su llegada?<\/strong><\/span><br \/>\nSiempre valoro que las mujeres nos atrevamos, y siento que es importante tambi\u00e9n pasar del discurso a la acci\u00f3n y estar disponible. Me parece bien que existan distintas opciones. Es parte de la democracia, y la aparici\u00f3n de distintos candidatos o candidatas favorece a la gente pues significan ideas, m\u00e1s debate, diversidad. En lo personal pienso distinto a ella en muchas cosas, como la mirada que se tiene de las pol\u00edticas p\u00fablicas, pero valoro mucho que se atreva a competir.<\/p>\n<p><span style=\"color: #0000ff;\"><strong>\u00bfQu\u00e9 opinas que ella no pertenezca a la pol\u00edtica?<\/strong><\/span><br \/>\nUna cosa es ser pol\u00edtica, y otra es gobernar el pa\u00eds. Creo que ese es el punto, c\u00f3mo pasamos de la empat\u00eda a asumir el desaf\u00edo de gobernar una naci\u00f3n. Es algo que requiere hoy, m\u00e1s que nunca, ser capaces de convocar voluntades. Estamos en un momento en el que sobrereaccionamos y adem\u00e1s nos polarizamos. Tendemos a extremar posturas y se habla de que tales son los buenos y los otros los malos, y el mundo no es eso, un pa\u00eds as\u00ed no avanzar\u00e1. En general a la pol\u00edtica le hace falta mucho m\u00e1s di\u00e1logo.<\/p>\n<p><span style=\"color: #0000ff;\"><strong>En tu discurso en el funeral de Patricio Aylwin pediste perd\u00f3n por las malas pr\u00e1cticas en la pol\u00edtica. \u00bfPor qu\u00e9 se lleg\u00f3 a este punto en la relaci\u00f3n clase pol\u00edtica-ciudadanos?<\/strong><\/span><br \/>\nHa habido pr\u00e1cticas en la pol\u00edtica que han sido inaceptables, y por eso entiendo que la gente tenga molestia y piense que somos un grupo privilegiado. Hemos conocido esc\u00e1ndalos respecto del uso de recursos. Hay que transparentar los intereses&#8230; Es muy brutal para la ciudadan\u00eda saber que se discutieron proyectos de ley y se tomaron decisiones de acuerdo a intereses de ciertas empresas con las que algunos pol\u00edticos tienen relaci\u00f3n. Muchos de mis colegas trabajan muy bien y se sacan la mugre por la gente, pero claramente hay casos de malas pr\u00e1cticas que son muy fuertes. Y no es s\u00f3lo en la pol\u00edtica, tambi\u00e9n en el mundo empresarial y hoy hasta lo hemos visto en Carabineros. Cosas que parecen &#8220;normales&#8221;, \u00a1y est\u00e1n mal! Por eso ese d\u00eda me hice cargo, a pesar que no tiene que ver con mi historia, pero s\u00ed del mundo pol\u00edtico donde al que pertenezco.<\/p>\n<p><span style=\"color: #0000ff;\"><strong>\u00bfEse d\u00eda se comenz\u00f3 a ver a Carolina Goic con otros ojos y parti\u00f3 la carrera presidencial?<\/strong><\/span><br \/>\nNo fue esa la intenci\u00f3n, pero sin duda el discurso marc\u00f3 un hito en mi carrera pol\u00edtica, pero son cosas que uno no planifica ni calcula. Primero fue enterarse de la muerte de don Patricio, un personaje de un inmenso peso hist\u00f3rico, y luego me se\u00f1alan que tendr\u00eda que hacerme cargo del discurso de su funeral, un funeral de Estado.<\/p>\n<p>Hace unos d\u00edas el Tribunal Supremo de la DC decidi\u00f3 no expulsar al diputado Ricardo Rinc\u00f3n, pese a las denuncias de violencia intrafamiliar, acusado de golpear a su ex pareja.<\/p>\n<p><span style=\"color: #0000ff;\"><strong>\u00bfQu\u00e9 le dice la presidenta de la DC a la gente?<\/strong><\/span><br \/>\nLos partidos tienen mecanismos para resolver sus problemas, y en este caso el Tribunal Supremo decidi\u00f3 no sancionar a Ricardo Rinc\u00f3n. Pero yo dije con toda claridad que si de m\u00ed dependiera lo expulsar\u00eda del partido, pero no est\u00e1 dentro de mis facultades. Este no es un tema jur\u00eddico, es m\u00e1s bien \u00e9tico, y en ese sentido no se deben tener dos discursos.<\/p>\n<p><span style=\"color: #0000ff;\"><strong>BACHELET Y GOIC<\/strong><\/span><br \/>\n<span style=\"color: #0000ff;\"><strong>\u00bfC\u00f3mo calificas el actual gobierno de Michelle Bachelet?<\/strong><\/span><br \/>\nSe podr\u00edan desmenuzar muchas cosas de un gobierno que al comienzo tuvo un exceso de entusiasmo en hacer las cosas. Creo que hay un aprendizaje en ese sentido; debemos plantear reformas importantes porque la gente quiere cambios, pero los quiere con gobernabilidad, los quiere generando certeza, y nosotros muchas veces generamos incertidumbre. Para la Presidenta el tema Caval fue muy duro, le ha costado recuperarse. La lealtad en la pol\u00edtica no abunda, y frente a las dificultades se tienden a dispersar.<\/p>\n<p><span style=\"color: #0000ff;\"><strong>En un eventual gobierno de Carolina Goic, \u00bfen qu\u00e9 se diferenciar\u00e1 respecto de otros candidatos?<\/strong><\/span><br \/>\nLo primero es hacer una reivindicaci\u00f3n de la buena pol\u00edtica. Para m\u00ed y mi equipo es una exigencia hacer siempre las cosas bien. Lo segundo es humanizar la pol\u00edtica, poniendo siempre al frente como nuestro principal objetivo la gente, eso muchas veces cambia las decisiones. Poner la energ\u00eda en ver c\u00f3mo llegamos a la vida cotidiana de las personas y c\u00f3mo hacer cambios que hagan que sus vidas mejoren de verdad. Esto requiere de mucho terreno, debemos volver a la calle, a golpear las puertas y escucharlos. Aspiro a que mi gobierno sea dialogante, de reencuentro entre nosotros y que tome las mejores cosas que tenemos como pa\u00eds. Tengo las experiencia de Magallanes, de c\u00f3mo fuimos capaces de unirnos tras una causa, lo que ha permitido que cosas que antes eran un sue\u00f1o hoy sean posibles, como tener un onc\u00f3logo, un horario diferenciado, y transformarse en una de las regiones m\u00e1s competitivas. En el fondo es reunirnos tras un objetivo com\u00fan para todos, con mucha convicci\u00f3n y fuerza. Soy una mujer que no se inmoviliza ante desaf\u00edos dif\u00edciles, y esta campa\u00f1a presidencial es un tremendo desaf\u00edo.<\/p>\n<p><span style=\"color: #0000ff;\"><strong>Con tanto movimiento en el escenario pol\u00edtico de tu sector, \u00bftu candidatura es a todo evento y directo a la primera vuelta?<\/strong><\/span><br \/>\nPor supuesto, a todo evento y convicci\u00f3n hasta el final. Nunca he sido de las que opera con el c\u00e1lculo pol\u00edtico ni las que negocian. Estoy ac\u00e1 desde la convicci\u00f3n de que puedo ser un aporte para el pa\u00eds, en un partido que ha recuperado la m\u00edstica. Eso me entusiasma para seguir adelante con todo.<\/p>\n<p><span class=\"resalta naranjo\" style=\"color: #0000ff;\">As\u00ed fue el backstage de Carolina Goic\u00a0<\/span><iframe loading=\"lazy\" id=\"vrudo\" src=\"http:\/\/rudo.video\/vod\/b4yfNlgEWz\/country\/cl\/section\/nueva_mujer\/device\/Desktop\/type\/sitio\/origin\/site\/autostart\/true\/volume\/0\" width=\"609\" height=\"345\" frameborder=\"0\" scrolling=\"no\" data-mce-fragment=\"1\"><\/iframe><\/p>\n<\/div>\n<div class=\"separa\">\n<div class=\"foto-art\">\n<p>(Entrev.: R. Chac\u00f3n\/ Fotos: G. Mu\u00f1oz \/Publicado por Nueva Mujer para Publimetro)<\/p>\n<\/div>\n<div class=\"CUERPO\">\n<p>&nbsp;<\/p>\n<\/div>\n<\/div>\n<\/article>\n<div class=\"social-media\">\n<p>&nbsp;<\/p>\n<\/div>\n<\/section>\n<\/div>\n","protected":false},"excerpt":{"rendered":"<p>Completa entrevista a Carolina Goic.- No le ha sido f\u00e1cil, tanto en lo profesional como en lo familiar, llegar desde el extremo sur a posicionarse como una de las pol\u00edticas con m\u00e1s futuro de la Democracia Cristiana, partido que preside. Pero su liderazgo ha calado hondo, tanto que est\u00e1 decidida a llegar hasta el final [&hellip;]<\/p>\n","protected":false},"author":1,"featured_media":21483,"comment_status":"open","ping_status":"open","sticky":false,"template":"","format":"standard","meta":{"footnotes":""},"categories":[15],"tags":[],"class_list":["post-21482","post","type-post","status-publish","format-standard","has-post-thumbnail","hentry","category-general"],"jetpack_sharing_enabled":true,"jetpack_featured_media_url":"http:\/\/putaendouno.cl\/wp-content\/uploads\/2017\/05\/caroport.jpg","_links":{"self":[{"href":"http:\/\/putaendouno.cl\/index.php?rest_route=\/wp\/v2\/posts\/21482","targetHints":{"allow":["GET"]}}],"collection":[{"href":"http:\/\/putaendouno.cl\/index.php?rest_route=\/wp\/v2\/posts"}],"about":[{"href":"http:\/\/putaendouno.cl\/index.php?rest_route=\/wp\/v2\/types\/post"}],"author":[{"embeddable":true,"href":"http:\/\/putaendouno.cl\/index.php?rest_route=\/wp\/v2\/users\/1"}],"replies":[{"embeddable":true,"href":"http:\/\/putaendouno.cl\/index.php?rest_route=%2Fwp%2Fv2%2Fcomments&post=21482"}],"version-history":[{"count":1,"href":"http:\/\/putaendouno.cl\/index.php?rest_route=\/wp\/v2\/posts\/21482\/revisions"}],"predecessor-version":[{"id":21484,"href":"http:\/\/putaendouno.cl\/index.php?rest_route=\/wp\/v2\/posts\/21482\/revisions\/21484"}],"wp:featuredmedia":[{"embeddable":true,"href":"http:\/\/putaendouno.cl\/index.php?rest_route=\/wp\/v2\/media\/21483"}],"wp:attachment":[{"href":"http:\/\/putaendouno.cl\/index.php?rest_route=%2Fwp%2Fv2%2Fmedia&parent=21482"}],"wp:term":[{"taxonomy":"category","embeddable":true,"href":"http:\/\/putaendouno.cl\/index.php?rest_route=%2Fwp%2Fv2%2Fcategories&post=21482"},{"taxonomy":"post_tag","embeddable":true,"href":"http:\/\/putaendouno.cl\/index.php?rest_route=%2Fwp%2Fv2%2Ftags&post=21482"}],"curies":[{"name":"wp","href":"https:\/\/api.w.org\/{rel}","templated":true}]}}