{"id":21458,"date":"2017-05-03T10:48:33","date_gmt":"2017-05-03T14:48:33","guid":{"rendered":"http:\/\/putaendouno.cl\/?p=21458"},"modified":"2017-05-03T10:48:33","modified_gmt":"2017-05-03T14:48:33","slug":"gobernacion-san-felipe-aboga-por-mejor-trato-a-mayores","status":"publish","type":"post","link":"http:\/\/putaendouno.cl\/?p=21458","title":{"rendered":"Gobernaci\u00f3n San Felipe aboga por mejor trato a mayores"},"content":{"rendered":"<div class=\"lazysocialbuttons\" data-float=\"left\" data-buttons=\"google,twitter,facebook\" data-twshareurl=\"http:\/\/putaendouno.cl\/?p=21458\" data-twtext=\"\" data-shareurl=\"http:\/\/putaendouno.cl\/?p=21458\" data-fbhideflyout=\"false\" data-backgroundtype=\"light\"><\/div><h2><span style=\"color: #0000ff;\"><a href=\"http:\/\/putaendouno.cl\/wp-content\/uploads\/2017\/05\/SuperPensiones-1.jpg\"><img loading=\"lazy\" decoding=\"async\" class=\"aligncenter size-full wp-image-21459\" src=\"http:\/\/putaendouno.cl\/wp-content\/uploads\/2017\/05\/SuperPensiones-1.jpg\" alt=\"\" width=\"640\" height=\"322\" srcset=\"http:\/\/putaendouno.cl\/wp-content\/uploads\/2017\/05\/SuperPensiones-1.jpg 640w, http:\/\/putaendouno.cl\/wp-content\/uploads\/2017\/05\/SuperPensiones-1-300x151.jpg 300w\" sizes=\"auto, (max-width: 640px) 100vw, 640px\" \/><\/a>Avanzan soluciones para evitar que se repitan largas filas en cobros de pensiones.-<\/span><\/h2>\n<p>En una reuni\u00f3n que se realiz\u00f3 este martes en la Superintendencia de Pensiones en Santiago, la m\u00e1xima autoridad provincial le present\u00f3 a la instituci\u00f3n fiscalizadora los antecedentes que obligan a los cientos de adultos mayores que reciben el cobro de sus pensiones de AFP a trav\u00e9s de la caja de Servipag en San Felipe a esperar en largas filas para realizar este tr\u00e1mite, puesto que esta sucursal es la \u00fanica que existe en la comuna y en la provincia.<\/p>\n<p>Al interiorizarse de la situaci\u00f3n, el <span style=\"color: #0000ff;\">Superintendente de Pensiones, Osvaldo Mac\u00edas,<\/span> se\u00f1al\u00f3 que <span style=\"color: #0000ff;\">\u201cnosotros hemos tomado nota de esta situaci\u00f3n, hemos oficiado inmediatamente a la administradoras de fondos de pensiones para que nos indiquen cu\u00e1les fueron las causas por las que se produjo esta situaci\u00f3n en el pago de pensiones. Una vez que tengamos respuesta de las administradoras vamos\u00a0 a tomar las medidas para que esto no vuelva a ocurrir sin perjuicio de ver exactamente qu\u00e9 fue lo que ocurri\u00f3 en esta ocasi\u00f3n\u201d.<\/span><\/p>\n<p>La autoridad fiscalizadora, asimismo, confirm\u00f3 que tras la reuni\u00f3n con el Gobernador Le\u00f3n realizar\u00e1 una pronta visita a la Provincia de San Felipe para conocer de primera fuente la realidad en la que se encuentran los cientos de afectados por esta situaci\u00f3n y adem\u00e1s sostener una charla con clubes de personas de la tercera edad para informar los beneficios que existen para ellos en el Sistema de Pensiones puesto\u00a0 \u201cno es posible que nuestros adultos mayores tengan problemas en el pago de sus jubilaciones. Sabemos que por la edad en la que est\u00e1n no pueden estar expuestos a largas horas de espera y en lugares que no tengan el debido acceso, entonces las medidas se van a tomar\u201d, finaliz\u00f3 el Superintendente Mac\u00edas.<\/p>\n<p>En tanto, <span style=\"color: #0000ff;\">el Gobernador Provincial, Eduardo Le\u00f3n<\/span>, agradeci\u00f3 la disposici\u00f3n de la Superintendencia de Pensiones para llegar a medidas que permitan evitar a la brevedad que las largas esperas de los adultos mayores se sigan repitiendo, por lo que <span style=\"color: #0000ff;\">\u201cvamos a trabajar en terreno hasta que esto se solucione con nuestros adultos mayores. De eso se trata, de enfrentar los problemas y buscarles alguna soluci\u00f3n concreta\u201d<\/span>, concluy\u00f3.<\/p>\n<p>&nbsp;<\/p>\n","protected":false},"excerpt":{"rendered":"<p>Avanzan soluciones para evitar que se repitan largas filas en cobros de pensiones.- En una reuni\u00f3n que se realiz\u00f3 este martes en la Superintendencia de Pensiones en Santiago, la m\u00e1xima autoridad provincial le present\u00f3 a la instituci\u00f3n fiscalizadora los antecedentes que obligan a los cientos de adultos mayores que reciben el cobro de sus pensiones [&hellip;]<\/p>\n","protected":false},"author":1,"featured_media":21459,"comment_status":"open","ping_status":"open","sticky":false,"template":"","format":"standard","meta":{"footnotes":""},"categories":[15,5],"tags":[],"class_list":["post-21458","post","type-post","status-publish","format-standard","has-post-thumbnail","hentry","category-general","category-aconcagua"],"jetpack_sharing_enabled":true,"jetpack_featured_media_url":"http:\/\/putaendouno.cl\/wp-content\/uploads\/2017\/05\/SuperPensiones-1.jpg","_links":{"self":[{"href":"http:\/\/putaendouno.cl\/index.php?rest_route=\/wp\/v2\/posts\/21458","targetHints":{"allow":["GET"]}}],"collection":[{"href":"http:\/\/putaendouno.cl\/index.php?rest_route=\/wp\/v2\/posts"}],"about":[{"href":"http:\/\/putaendouno.cl\/index.php?rest_route=\/wp\/v2\/types\/post"}],"author":[{"embeddable":true,"href":"http:\/\/putaendouno.cl\/index.php?rest_route=\/wp\/v2\/users\/1"}],"replies":[{"embeddable":true,"href":"http:\/\/putaendouno.cl\/index.php?rest_route=%2Fwp%2Fv2%2Fcomments&post=21458"}],"version-history":[{"count":1,"href":"http:\/\/putaendouno.cl\/index.php?rest_route=\/wp\/v2\/posts\/21458\/revisions"}],"predecessor-version":[{"id":21460,"href":"http:\/\/putaendouno.cl\/index.php?rest_route=\/wp\/v2\/posts\/21458\/revisions\/21460"}],"wp:featuredmedia":[{"embeddable":true,"href":"http:\/\/putaendouno.cl\/index.php?rest_route=\/wp\/v2\/media\/21459"}],"wp:attachment":[{"href":"http:\/\/putaendouno.cl\/index.php?rest_route=%2Fwp%2Fv2%2Fmedia&parent=21458"}],"wp:term":[{"taxonomy":"category","embeddable":true,"href":"http:\/\/putaendouno.cl\/index.php?rest_route=%2Fwp%2Fv2%2Fcategories&post=21458"},{"taxonomy":"post_tag","embeddable":true,"href":"http:\/\/putaendouno.cl\/index.php?rest_route=%2Fwp%2Fv2%2Ftags&post=21458"}],"curies":[{"name":"wp","href":"https:\/\/api.w.org\/{rel}","templated":true}]}}