{"id":20753,"date":"2017-02-13T16:44:14","date_gmt":"2017-02-13T19:44:14","guid":{"rendered":"http:\/\/putaendouno.cl\/?p=20753"},"modified":"2017-02-13T16:48:56","modified_gmt":"2017-02-13T19:48:56","slug":"exijo-un-homenaje-a-nuestros-campeones","status":"publish","type":"post","link":"http:\/\/putaendouno.cl\/?p=20753","title":{"rendered":"\u00a1Exijo un homenaje a nuestros campeones!"},"content":{"rendered":"<div class=\"lazysocialbuttons\" data-float=\"left\" data-buttons=\"google,twitter,facebook\" data-twshareurl=\"http:\/\/putaendouno.cl\/?p=20753\" data-twtext=\"\" data-shareurl=\"http:\/\/putaendouno.cl\/?p=20753\" data-fbhideflyout=\"false\" data-backgroundtype=\"light\"><\/div><h2><span style=\"color: #0000ff;\"><a href=\"http:\/\/putaendouno.cl\/wp-content\/uploads\/2017\/02\/cueca8.jpg\"><img loading=\"lazy\" decoding=\"async\" class=\"aligncenter size-full wp-image-20665\" src=\"http:\/\/putaendouno.cl\/wp-content\/uploads\/2017\/02\/cueca8.jpg\" alt=\"\" width=\"640\" height=\"321\" srcset=\"http:\/\/putaendouno.cl\/wp-content\/uploads\/2017\/02\/cueca8.jpg 640w, http:\/\/putaendouno.cl\/wp-content\/uploads\/2017\/02\/cueca8-300x150.jpg 300w\" sizes=\"auto, (max-width: 640px) 100vw, 640px\" \/><\/a>\u00bfAlguien recuerda que Putaendo tenga alg\u00fan campe\u00f3n nacional de algo?&#8230;. G\u00e9nesis y Daniel han llevado el nombre de nuestra tierra hasta el sitial m\u00e1s hermoso, el de los sucesos inolvidables.-<\/span><\/h2>\n<p>Muchos, como yo, esperamos un gran reconocimiento, organizado, donde se releve de verdad la importancia de lo logrado por G\u00e9nesis y Daniel. No basta con mostrarlos para los aplausos ni de aprovechar los eventos ya organizados para &#8220;agregarlos&#8221; a ellos con un par de cuecas. Eso lo han hecho gratis en todas las chayas y en muchos eventos locales.\u00a0<span style=\"color: #0000ff;\">Hay que hacer algo especial, donde ellos sientan que de verdad Putaendo rinde homenaje a estos j\u00f3venes<\/span> que han dado buena parte de su juventud a las interminables horas de ensayo y preparaci\u00f3n.<\/p>\n<p>Fueron la elegancia, femineidad y simpat\u00eda de G\u00e9nesis, sus lindos ojitos (como dice Daniel) y la galanura, estirpe y bravura de Daniel, las que, al unirse en una cueca, entregan toda la sublime belleza de nuestro baile nacional, todo ello en un crisol que los llevo hasta la m\u00e1xima recompensa.<\/p>\n<p>Un evento dedicado especialmente a ello. \u00bfAlguien recuerda que Putaendo tenga alg\u00fan campe\u00f3n nacional de algo? Pues yo tampoco. Y tal vez nunca m\u00e1s tengamos otros campeones en cualquier \u00e1rea.<\/p>\n<p>A ponerse las pilas Putaendo,<span style=\"color: #0000ff;\"> ellos nos han llenado de orgullo, han llevado el nombre de nuestra tierra hasta el sitial m\u00e1s hermoso, el de los sucesos inolvidables.<\/span><\/p>\n<p>Ya basta de los saludos as\u00ed de pasadita y los galvanos, as\u00ed como para que no se diga. <span style=\"color: #0000ff;\">\u00a1YA BASTA DEL T\u00cdPICO CHAQUETEO Y NINGUNEO!<\/span><\/p>\n<p><span style=\"color: #0000ff;\"><a href=\"http:\/\/putaendouno.cl\/wp-content\/uploads\/2017\/02\/G-y-D-campeones.jpg\"><img loading=\"lazy\" decoding=\"async\" class=\"aligncenter size-full wp-image-20754\" src=\"http:\/\/putaendouno.cl\/wp-content\/uploads\/2017\/02\/G-y-D-campeones.jpg\" alt=\"\" width=\"640\" height=\"320\" srcset=\"http:\/\/putaendouno.cl\/wp-content\/uploads\/2017\/02\/G-y-D-campeones.jpg 640w, http:\/\/putaendouno.cl\/wp-content\/uploads\/2017\/02\/G-y-D-campeones-300x150.jpg 300w\" sizes=\"auto, (max-width: 640px) 100vw, 640px\" \/><\/a><\/span><\/p>\n<p>Hay que ponerle m\u00e1s coraz\u00f3n para que ellos de verdad sientan el cari\u00f1o de Putaendo. \u00bfCu\u00e1ndo, como comunidad, vamos a mostrar que de verdad todos nos sentimos orgullosos de lo que hicieron? \u00bfO s\u00f3lo nos sirve para darnos importancia frente a otros, pero no lo hacemos con ellos?<\/p>\n<p>Me atrevo a sugerir <span style=\"color: #0000ff;\">un evento especialmente dedicado a rendirles homenaje, que toda la fiesta sea para ellos<\/span>, con bailarines invitados, con n\u00fameros art\u00edsticos. Y creo que la mejor oportunidad es <span style=\"color: #0000ff;\">durante los festejos del Aniversario de Putaendo, este pr\u00f3ximo marzo.<\/span> Tal vez se puede coordinar con autoridades provinciales y regionales como invitados.<\/p>\n<p><span style=\"color: #0000ff;\">\u00bfCreen ustedes que nuestros muchachos, G\u00e9nesis y Daniel, merecen algo m\u00e1s elaborado de nuestra parte? \u00a1Pues yo s\u00ed!<\/span><\/p>\n<p><span style=\"color: #0000ff;\"><strong>Mario Alvarado Eva,\u00a0<\/strong><\/span><span style=\"color: #0000ff;\"><strong>Director Putaendo Uno<\/strong><\/span><\/p>\n","protected":false},"excerpt":{"rendered":"<p>\u00bfAlguien recuerda que Putaendo tenga alg\u00fan campe\u00f3n nacional de algo?&#8230;. G\u00e9nesis y Daniel han llevado el nombre de nuestra tierra hasta el sitial m\u00e1s hermoso, el de los sucesos inolvidables.- Muchos, como yo, esperamos un gran reconocimiento, organizado, donde se releve de verdad la importancia de lo logrado por G\u00e9nesis y Daniel. No basta con [&hellip;]<\/p>\n","protected":false},"author":1,"featured_media":20665,"comment_status":"open","ping_status":"open","sticky":false,"template":"","format":"standard","meta":{"footnotes":""},"categories":[8,15],"tags":[],"class_list":["post-20753","post","type-post","status-publish","format-standard","has-post-thumbnail","hentry","category-editorial","category-general"],"jetpack_sharing_enabled":true,"jetpack_featured_media_url":"http:\/\/putaendouno.cl\/wp-content\/uploads\/2017\/02\/cueca8.jpg","_links":{"self":[{"href":"http:\/\/putaendouno.cl\/index.php?rest_route=\/wp\/v2\/posts\/20753","targetHints":{"allow":["GET"]}}],"collection":[{"href":"http:\/\/putaendouno.cl\/index.php?rest_route=\/wp\/v2\/posts"}],"about":[{"href":"http:\/\/putaendouno.cl\/index.php?rest_route=\/wp\/v2\/types\/post"}],"author":[{"embeddable":true,"href":"http:\/\/putaendouno.cl\/index.php?rest_route=\/wp\/v2\/users\/1"}],"replies":[{"embeddable":true,"href":"http:\/\/putaendouno.cl\/index.php?rest_route=%2Fwp%2Fv2%2Fcomments&post=20753"}],"version-history":[{"count":4,"href":"http:\/\/putaendouno.cl\/index.php?rest_route=\/wp\/v2\/posts\/20753\/revisions"}],"predecessor-version":[{"id":20758,"href":"http:\/\/putaendouno.cl\/index.php?rest_route=\/wp\/v2\/posts\/20753\/revisions\/20758"}],"wp:featuredmedia":[{"embeddable":true,"href":"http:\/\/putaendouno.cl\/index.php?rest_route=\/wp\/v2\/media\/20665"}],"wp:attachment":[{"href":"http:\/\/putaendouno.cl\/index.php?rest_route=%2Fwp%2Fv2%2Fmedia&parent=20753"}],"wp:term":[{"taxonomy":"category","embeddable":true,"href":"http:\/\/putaendouno.cl\/index.php?rest_route=%2Fwp%2Fv2%2Fcategories&post=20753"},{"taxonomy":"post_tag","embeddable":true,"href":"http:\/\/putaendouno.cl\/index.php?rest_route=%2Fwp%2Fv2%2Ftags&post=20753"}],"curies":[{"name":"wp","href":"https:\/\/api.w.org\/{rel}","templated":true}]}}