{"id":19863,"date":"2016-12-18T14:38:36","date_gmt":"2016-12-18T17:38:36","guid":{"rendered":"http:\/\/putaendouno.cl\/?p=19863"},"modified":"2016-12-18T14:41:09","modified_gmt":"2016-12-18T17:41:09","slug":"por-todo-el-talento-local","status":"publish","type":"post","link":"http:\/\/putaendouno.cl\/?p=19863","title":{"rendered":"\u00a1Por todo el talento local!"},"content":{"rendered":"<div class=\"lazysocialbuttons\" data-float=\"left\" data-buttons=\"google,twitter,facebook\" data-twshareurl=\"http:\/\/putaendouno.cl\/?p=19863\" data-twtext=\"\" data-shareurl=\"http:\/\/putaendouno.cl\/?p=19863\" data-fbhideflyout=\"false\" data-backgroundtype=\"light\"><\/div><h2><span style=\"color: #0000ff;\"><a href=\"http:\/\/putaendouno.cl\/wp-content\/uploads\/2016\/12\/Semillas-Navidad-portada.jpg\"><img loading=\"lazy\" decoding=\"async\" class=\"aligncenter size-full wp-image-19864\" src=\"http:\/\/putaendouno.cl\/wp-content\/uploads\/2016\/12\/Semillas-Navidad-portada.jpg\" alt=\"\" width=\"640\" height=\"320\" srcset=\"http:\/\/putaendouno.cl\/wp-content\/uploads\/2016\/12\/Semillas-Navidad-portada.jpg 640w, http:\/\/putaendouno.cl\/wp-content\/uploads\/2016\/12\/Semillas-Navidad-portada-300x150.jpg 300w\" sizes=\"auto, (max-width: 640px) 100vw, 640px\" \/><\/a>Es hora de poner en valor el trabajo de los artistas locales.-<\/span><\/h2>\n<p>Putaendo asisti\u00f3 a un nuevo espect\u00e1culo de luces, obnubilado por el brillo de estrellas fugaces que vuelan desde otras latitudes para posarse en la Plaza de Armas. Se agradece, por cierto, ver de cerca a artistas consagrados, y algunos de muy buena factura, como Jean Paul Olhaberry, el gran mago internacional que jug\u00f3 con un ilusionismo exquisito y amigable.<\/p>\n<p>Pero pocos ven las luces de las luci\u00e9rnagas locales, encandilados con los focos brillantes y opulentos.<\/p>\n<p><a href=\"http:\/\/putaendouno.cl\/wp-content\/uploads\/2016\/12\/nav1.jpg\"><img loading=\"lazy\" decoding=\"async\" class=\"alignleft wp-image-19865\" src=\"http:\/\/putaendouno.cl\/wp-content\/uploads\/2016\/12\/nav1-300x192.jpg\" alt=\"\" width=\"217\" height=\"139\" srcset=\"http:\/\/putaendouno.cl\/wp-content\/uploads\/2016\/12\/nav1-300x192.jpg 300w, http:\/\/putaendouno.cl\/wp-content\/uploads\/2016\/12\/nav1.jpg 640w\" sizes=\"auto, (max-width: 217px) 100vw, 217px\" \/><\/a>Ya se ha hecho costumbre la inauguraci\u00f3n de las luces navide\u00f1as, en todo Aconcagua, no solo en Putaendo. De ah\u00ed a que sea una \u201ctradici\u00f3n\u201d, dista bastante, tiempo y ra\u00edz, para darle esa connotaci\u00f3n e este tipo de eventos.<\/p>\n<p>En toda esa parafernalia, entre las estrellas que encandilan al p\u00fablico, aparece, a veces t\u00edmidamente, el talento local, haci\u00e9ndose espacio con un gran esfuerzo, para lograr un sitial en la retina de un p\u00fablico acostumbrado a que le den grandes bocados de artistas externos, generalmente pagados con costo cargado a mas desarrollo y soluciones comunitarias. Y as\u00ed, parte de ese p\u00fablico ve con desidia y sin inter\u00e9s el paso de los artistas locales, provocando con ello, la desaz\u00f3n de los monitores y la tristeza de los j\u00f3venes artistas putaendinos.<a href=\"http:\/\/putaendouno.cl\/wp-content\/uploads\/2016\/12\/nav92.jpg\"><img loading=\"lazy\" decoding=\"async\" class=\"alignright wp-image-19869\" src=\"http:\/\/putaendouno.cl\/wp-content\/uploads\/2016\/12\/nav92-300x198.jpg\" alt=\"\" width=\"233\" height=\"154\" srcset=\"http:\/\/putaendouno.cl\/wp-content\/uploads\/2016\/12\/nav92-300x198.jpg 300w, http:\/\/putaendouno.cl\/wp-content\/uploads\/2016\/12\/nav92.jpg 579w\" sizes=\"auto, (max-width: 233px) 100vw, 233px\" \/><\/a><\/p>\n<p>Y as\u00ed surge en Putaendo <span style=\"color: #0000ff;\">\u201cSemillas del Orolonco\u201d<\/span>, de la mano de dos personas que tienen fe y confianza en lo que hacen, ambos hijos de grandes grupos art\u00edsticos, donde aprendieron el profesionalismo, valores, disciplina y t\u00e9cnica, que hoy trasmiten a los m\u00e1s jovencitos en una academia. Es hacia all\u00ed, donde ya algunos padres, los m\u00e1s inteligentes, est\u00e1n mirando para lograr inscribir all\u00ed a sus hijos, a sus regalones, para que reciban tambi\u00e9n los beneficios del aprendizaje profesional a corta edad, y ma\u00f1ana, ya se ver\u00e1 lo que pase con ellos. Mas de alguno de los j\u00f3venes querr\u00e1 profundizar sus aprendizajes art\u00edsticos en la universidad.<\/p>\n<p><a href=\"http:\/\/putaendouno.cl\/wp-content\/uploads\/2016\/12\/nav2.jpg\"><img loading=\"lazy\" decoding=\"async\" class=\"alignleft wp-image-19866\" src=\"http:\/\/putaendouno.cl\/wp-content\/uploads\/2016\/12\/nav2-300x175.jpg\" alt=\"\" width=\"228\" height=\"133\" srcset=\"http:\/\/putaendouno.cl\/wp-content\/uploads\/2016\/12\/nav2-300x175.jpg 300w, http:\/\/putaendouno.cl\/wp-content\/uploads\/2016\/12\/nav2.jpg 640w\" sizes=\"auto, (max-width: 228px) 100vw, 228px\" \/><\/a>Ya hace un tiempo que esta<span style=\"color: #0000ff;\"> \u201cacademia de artistas\u201d<\/span> viene demostrando todo el talento que est\u00e1 logrando imponer en sus j\u00f3venes bailarines, llevando la gracia, la belleza de sus coreograf\u00edas, la pureza de sus desplazamientos y la joven luz, incluso m\u00e1s all\u00e1 de las fronteras de este subdesarrollado pa\u00eds, para codearse con los grandes del<a href=\"http:\/\/putaendouno.cl\/wp-content\/uploads\/2016\/12\/nav91.jpg\"><img loading=\"lazy\" decoding=\"async\" class=\"alignright wp-image-19870\" src=\"http:\/\/putaendouno.cl\/wp-content\/uploads\/2016\/12\/nav91-300x200.jpg\" alt=\"\" width=\"230\" height=\"153\" srcset=\"http:\/\/putaendouno.cl\/wp-content\/uploads\/2016\/12\/nav91-300x200.jpg 300w, http:\/\/putaendouno.cl\/wp-content\/uploads\/2016\/12\/nav91.jpg 640w\" sizes=\"auto, (max-width: 230px) 100vw, 230px\" \/><\/a> escenario. Hace ya tiempo que dejo de ser un n\u00famero art\u00edstico donde los padres esperan ver las gracias de sus regalones. No, ya es un grupo afiatado y crecido, profesional con todas sus letras, a lo menos en el nivel de los j\u00f3venes mayores. Y eso a puro \u00f1eque, porque los recursos econ\u00f3micos para hacer cosas m\u00e1s grandes siempre escasean. \u00bfSe ha fijado usted en el detalle de su maquillaje, de su vestuario, de su eterna sonrisa en el escenario? Eso viene de la actitud y el amor con que se hacen las cosas.<\/p>\n<p><a href=\"http:\/\/putaendouno.cl\/wp-content\/uploads\/2016\/12\/nav3.jpg\"><img loading=\"lazy\" decoding=\"async\" class=\"alignleft wp-image-19867\" src=\"http:\/\/putaendouno.cl\/wp-content\/uploads\/2016\/12\/nav3-300x205.jpg\" alt=\"\" width=\"226\" height=\"155\" srcset=\"http:\/\/putaendouno.cl\/wp-content\/uploads\/2016\/12\/nav3-300x205.jpg 300w, http:\/\/putaendouno.cl\/wp-content\/uploads\/2016\/12\/nav3.jpg 640w\" sizes=\"auto, (max-width: 226px) 100vw, 226px\" \/><\/a>Y es all\u00ed donde apunta este comentario: <span style=\"color: #0000ff;\">\u201clos recursos siempre escasean\u2026\u201d<\/span>. Y no es culpa de quien distribuye el presupuesto, es culpa de todos, de cada uno de los putaendinos. No se ha sabido exigir o reclamar para que no se cambie cultura por populismo, porque cuesta menos acudir a un concierto masivo y gratuito del artista favorito, al que solo se ve por TV, que luchar por que la comunidad adquiera mejores niveles de desarrollo cultural.<a href=\"http:\/\/putaendouno.cl\/wp-content\/uploads\/2016\/12\/nav9.jpg\"><img loading=\"lazy\" decoding=\"async\" class=\"alignright wp-image-19871\" src=\"http:\/\/putaendouno.cl\/wp-content\/uploads\/2016\/12\/nav9-300x194.jpg\" alt=\"\" width=\"231\" height=\"150\" srcset=\"http:\/\/putaendouno.cl\/wp-content\/uploads\/2016\/12\/nav9-300x194.jpg 300w, http:\/\/putaendouno.cl\/wp-content\/uploads\/2016\/12\/nav9.jpg 572w\" sizes=\"auto, (max-width: 231px) 100vw, 231px\" \/><\/a><\/p>\n<p>Ese desarrollo cultural no se va a lograr si la apuesta sigue siendo pagar valores millonarios para traer al artista del momento (por cierto, de un momento que a veces ya pas\u00f3 hace rato\u2026) y la elecci\u00f3n no se basa en par\u00e1metros que cubran esa necesidad social. Por cierto, sin desmedrar la cuota de entretenimiento moment\u00e1neo que esos artistas traen para la gente.<\/p>\n<p><span style=\"color: #0000ff;\">\u00bfQu\u00e9 pasar\u00eda si de verdad <strong>Putaendo contara con una Oficina Cultural<\/strong>, donde el objetivo fuera desarrollar el talento local y modificar paulatinamente el gusto del p\u00fablico?<\/span> Un departamento que cuente con un profesional encargado de insertar en la comunidad un chip de desarrollo cultural. Tal vez otro gallo cantar\u00eda.<\/p>\n<p><a href=\"http:\/\/putaendouno.cl\/wp-content\/uploads\/2016\/12\/nav5.jpg\"><img loading=\"lazy\" decoding=\"async\" class=\"alignleft size-medium wp-image-19868\" src=\"http:\/\/putaendouno.cl\/wp-content\/uploads\/2016\/12\/nav5-300x170.jpg\" alt=\"\" width=\"300\" height=\"170\" srcset=\"http:\/\/putaendouno.cl\/wp-content\/uploads\/2016\/12\/nav5-300x170.jpg 300w, http:\/\/putaendouno.cl\/wp-content\/uploads\/2016\/12\/nav5.jpg 640w\" sizes=\"auto, (max-width: 300px) 100vw, 300px\" \/><\/a>La esperanza est\u00e1 puesta en el nuevo Concejo Municipal, donde algunos concejales conocen los conceptos vertidos en este comentario. <span style=\"color: #0000ff;\">\u00bfQu\u00e9 pasar\u00e1 con los nueve d\u00edas de show del Carnaval de la Chaya 2017? \u00bfSe podr\u00e1 darle un ajuste mas acorde a las necesidades de Putaendo?\u00a0<\/span><\/p>\n<p>Mientras tanto\u2026.que <span style=\"color: #0000ff;\">Putaendo siga aprendiendo y gozando de un verdadero talento local como &#8220;Semillas del Orolonco&#8221;, abriendo los ojos para valorar lo que tiene frente a sus narices, con artistas nacidos desde sus propias ra\u00edces, desde las entra\u00f1as de los padres putaendinos. <span style=\"color: #000000;\">Mientras tanto&#8230;se toma por fin decisiones con un sentido de desarrollo sociocultural<\/span><\/span><\/p>\n<p><span style=\"color: #0000ff;\">\u00a1Viva el talento putaendino!<\/span><\/p>\n<p>(Fotos IM Putaendo)<\/p>\n","protected":false},"excerpt":{"rendered":"<p>Es hora de poner en valor el trabajo de los artistas locales.- Putaendo asisti\u00f3 a un nuevo espect\u00e1culo de luces, obnubilado por el brillo de estrellas fugaces que vuelan desde otras latitudes para posarse en la Plaza de Armas. Se agradece, por cierto, ver de cerca a artistas consagrados, y algunos de muy buena factura, [&hellip;]<\/p>\n","protected":false},"author":1,"featured_media":19864,"comment_status":"open","ping_status":"open","sticky":false,"template":"","format":"standard","meta":{"footnotes":""},"categories":[8,15,4],"tags":[],"class_list":["post-19863","post","type-post","status-publish","format-standard","has-post-thumbnail","hentry","category-editorial","category-general","category-putaendo"],"jetpack_sharing_enabled":true,"jetpack_featured_media_url":"http:\/\/putaendouno.cl\/wp-content\/uploads\/2016\/12\/Semillas-Navidad-portada.jpg","_links":{"self":[{"href":"http:\/\/putaendouno.cl\/index.php?rest_route=\/wp\/v2\/posts\/19863","targetHints":{"allow":["GET"]}}],"collection":[{"href":"http:\/\/putaendouno.cl\/index.php?rest_route=\/wp\/v2\/posts"}],"about":[{"href":"http:\/\/putaendouno.cl\/index.php?rest_route=\/wp\/v2\/types\/post"}],"author":[{"embeddable":true,"href":"http:\/\/putaendouno.cl\/index.php?rest_route=\/wp\/v2\/users\/1"}],"replies":[{"embeddable":true,"href":"http:\/\/putaendouno.cl\/index.php?rest_route=%2Fwp%2Fv2%2Fcomments&post=19863"}],"version-history":[{"count":4,"href":"http:\/\/putaendouno.cl\/index.php?rest_route=\/wp\/v2\/posts\/19863\/revisions"}],"predecessor-version":[{"id":19875,"href":"http:\/\/putaendouno.cl\/index.php?rest_route=\/wp\/v2\/posts\/19863\/revisions\/19875"}],"wp:featuredmedia":[{"embeddable":true,"href":"http:\/\/putaendouno.cl\/index.php?rest_route=\/wp\/v2\/media\/19864"}],"wp:attachment":[{"href":"http:\/\/putaendouno.cl\/index.php?rest_route=%2Fwp%2Fv2%2Fmedia&parent=19863"}],"wp:term":[{"taxonomy":"category","embeddable":true,"href":"http:\/\/putaendouno.cl\/index.php?rest_route=%2Fwp%2Fv2%2Fcategories&post=19863"},{"taxonomy":"post_tag","embeddable":true,"href":"http:\/\/putaendouno.cl\/index.php?rest_route=%2Fwp%2Fv2%2Ftags&post=19863"}],"curies":[{"name":"wp","href":"https:\/\/api.w.org\/{rel}","templated":true}]}}