{"id":13533,"date":"2014-08-01T12:28:07","date_gmt":"2014-08-01T16:28:07","guid":{"rendered":"http:\/\/putaendouno.cl\/?p=13533"},"modified":"2014-08-01T12:28:07","modified_gmt":"2014-08-01T16:28:07","slug":"duco-en-iberomericano-sao-paulo-2014-voy-a-ganar-como-guerrera","status":"publish","type":"post","link":"http:\/\/putaendouno.cl\/?p=13533","title":{"rendered":"Duco en Iberomericano Sao Paulo 2014: &#8220;Voy a ganar como guerrera&#8221;"},"content":{"rendered":"<div class=\"lazysocialbuttons\" data-float=\"left\" data-buttons=\"google,twitter,facebook\" data-twshareurl=\"http:\/\/putaendouno.cl\/?p=13533\" data-twtext=\"\" data-shareurl=\"http:\/\/putaendouno.cl\/?p=13533\" data-fbhideflyout=\"false\" data-backgroundtype=\"light\"><\/div><h3 style=\"color: #000000;\"><span style=\"color: #0000ff;\"><strong style=\"font-weight: bold; font-style: inherit;\"><a href=\"http:\/\/putaendouno.cl\/wp-content\/uploads\/2014\/08\/duco.jpg\"><img loading=\"lazy\" decoding=\"async\" class=\"aligncenter size-full wp-image-13534\" src=\"http:\/\/putaendouno.cl\/wp-content\/uploads\/2014\/08\/duco.jpg\" alt=\"duco\" width=\"640\" height=\"321\" srcset=\"http:\/\/putaendouno.cl\/wp-content\/uploads\/2014\/08\/duco.jpg 640w, http:\/\/putaendouno.cl\/wp-content\/uploads\/2014\/08\/duco-300x150.jpg 300w\" sizes=\"auto, (max-width: 640px) 100vw, 640px\" \/><\/a>Natalia Duco prepara su cuarta participaci\u00f3n en un Iberoamericano. Debutar\u00e1 este domingo a las 8:10, hora de Chile.-<\/strong><\/span><\/h3>\n<p style=\"color: #000000;\">Duco se unir\u00e1 a los 16 atletas chilenos que competir\u00e1n en esta XVI versi\u00f3n que se llevar\u00e1 a cabo en el estadio \u201c\u00cdcaro de Castro Melo\u2019\u2019. La balista es la favorita en su prueba, con 18.07 metros que la tienen decimoctava en el ranking mundial y primera a nivel sudamericano.<\/p>\n<p style=\"color: #000000;\">Con estas cartas, la chilena encabeza las esperanzas que el cuadro nacional tiene para pelear una medalla en tierras brasile\u00f1as y Natalia conoce la responsabilidad que tiene al ser favorita.<\/p>\n<p style=\"color: #000000;\">\u201cEstoy feliz, agradecida de estar ac\u00e1. Me tomo cada campeonato como un desaf\u00edo personal, para vencerme a m\u00ed misma primera y a las dem\u00e1s. S\u00e9 que tengo la responsabilidad, o presi\u00f3n o favoritismo, pero me lo tomo con tranquilidad y con alegr\u00eda, con muchas ganas de pararme en el foso y hacer lo que m\u00e1s amo y disfruto en la vida que es lanzar la bala\u201d, se\u00f1al\u00f3 la lanzadora.<\/p>\n<p style=\"color: #000000;\">Adem\u00e1s Duco, quien es Top Ten ol\u00edmpica y triple medallista iberoamericana, coment\u00f3 la importancia que tiene este tipo de competiciones, pues formaron su carrera como atleta.<\/p>\n<p style=\"color: #000000;\">\u201cEsta es una competici\u00f3n que es muy importante para m\u00ed porque en 2008 hice mi mejor marca siendo juvenil con 18.65 en el Ibero y esta ser\u00eda mi cuarta medalla iberoamericana. En este estadio he ganado muchos triunfos, he sido campeona panamericana Juvenil y campeona sudamericana juvenil y mi primera medalla sudamericana adulta que fue un bronce, as\u00ed es que para m\u00ed es importante\u2019\u2019, sentenci\u00f3.<\/p>\n<p style=\"color: #000000;\">La chilena se mostr\u00f3 tranquila ante su debut, agradeciendo a \u201cBrasil que siempre hace competencias muy importantes\u201d. Adem\u00e1s, Duco prometi\u00f3 dar lo mejor para alzar a Chile en lo m\u00e1s alto del podio.<\/p>\n<p style=\"color: #000000;\">\u201cComo siempre voy a pelear como una guerrera. Mi mentalidad siempre es ganadora. Con Dulce (Garc\u00eda), mi entrenadora, y con mi equipo m\u00e9dico que son muchas personas, estamos trabajando pensando siempre en los m\u00e1s alto. Yo respeto a todas las competidores, tengo un respeto grande por mis contrincantes, pero la verdad es que yo voy a salir a ganar y a vencerme primero a m\u00ed misma y segundo a todas mis competidoras, con un car\u00e1cter deportivo, pero siempre como una guerrera que es para lo que uno entrena, para ser la mejor\u2019\u2019, finaliz\u00f3.<\/p>\n<p style=\"color: #000000;\">(JLara &#8211; Rb\/P1\/Foto: MD\u00e1vila &#8211; A1)<\/p>\n","protected":false},"excerpt":{"rendered":"<p>Natalia Duco prepara su cuarta participaci\u00f3n en un Iberoamericano. Debutar\u00e1 este domingo a las 8:10, hora de Chile.- Duco se unir\u00e1 a los 16 atletas chilenos que competir\u00e1n en esta XVI versi\u00f3n que se llevar\u00e1 a cabo en el estadio \u201c\u00cdcaro de Castro Melo\u2019\u2019. La balista es la favorita en su prueba, con 18.07 metros [&hellip;]<\/p>\n","protected":false},"author":1,"featured_media":13534,"comment_status":"open","ping_status":"open","sticky":false,"template":"","format":"standard","meta":{"footnotes":""},"categories":[14,15],"tags":[],"class_list":["post-13533","post","type-post","status-publish","format-standard","has-post-thumbnail","hentry","category-deportivas","category-general"],"jetpack_sharing_enabled":true,"jetpack_featured_media_url":"http:\/\/putaendouno.cl\/wp-content\/uploads\/2014\/08\/duco.jpg","_links":{"self":[{"href":"http:\/\/putaendouno.cl\/index.php?rest_route=\/wp\/v2\/posts\/13533","targetHints":{"allow":["GET"]}}],"collection":[{"href":"http:\/\/putaendouno.cl\/index.php?rest_route=\/wp\/v2\/posts"}],"about":[{"href":"http:\/\/putaendouno.cl\/index.php?rest_route=\/wp\/v2\/types\/post"}],"author":[{"embeddable":true,"href":"http:\/\/putaendouno.cl\/index.php?rest_route=\/wp\/v2\/users\/1"}],"replies":[{"embeddable":true,"href":"http:\/\/putaendouno.cl\/index.php?rest_route=%2Fwp%2Fv2%2Fcomments&post=13533"}],"version-history":[{"count":1,"href":"http:\/\/putaendouno.cl\/index.php?rest_route=\/wp\/v2\/posts\/13533\/revisions"}],"predecessor-version":[{"id":13535,"href":"http:\/\/putaendouno.cl\/index.php?rest_route=\/wp\/v2\/posts\/13533\/revisions\/13535"}],"wp:featuredmedia":[{"embeddable":true,"href":"http:\/\/putaendouno.cl\/index.php?rest_route=\/wp\/v2\/media\/13534"}],"wp:attachment":[{"href":"http:\/\/putaendouno.cl\/index.php?rest_route=%2Fwp%2Fv2%2Fmedia&parent=13533"}],"wp:term":[{"taxonomy":"category","embeddable":true,"href":"http:\/\/putaendouno.cl\/index.php?rest_route=%2Fwp%2Fv2%2Fcategories&post=13533"},{"taxonomy":"post_tag","embeddable":true,"href":"http:\/\/putaendouno.cl\/index.php?rest_route=%2Fwp%2Fv2%2Ftags&post=13533"}],"curies":[{"name":"wp","href":"https:\/\/api.w.org\/{rel}","templated":true}]}}